{"id":697,"date":"2024-06-19T06:40:57","date_gmt":"2024-06-19T06:40:57","guid":{"rendered":"https:\/\/correntinoticias.com\/?p=697"},"modified":"2024-06-26T06:48:46","modified_gmt":"2024-06-26T06:48:46","slug":"condena-a-alperovich-rechazaron-el-pedido-de-excarcelacion","status":"publish","type":"post","link":"https:\/\/correntinoticias.com\/index.php\/2024\/06\/19\/condena-a-alperovich-rechazaron-el-pedido-de-excarcelacion\/","title":{"rendered":"CONDENA A ALPEROVICH: RECHAZARON EL PEDIDO DE EXCARCELACI\u00d3N"},"content":{"rendered":"\n<p>El juez Ramos Padilla deneg\u00f3 el pedido que present\u00f3 la defensa del ex gobernador de Tucum\u00e1n condenado a 16 a\u00f1os de prisi\u00f3n por abuso sexual y violaci\u00f3n. Para el magistrado hay \u201criesgos procesales\u201d si es excarcelado<\/p>\n\n\n\n<p>El juez&nbsp;Juan Mar\u00eda Ramos Padilla&nbsp;rechaz\u00f3 hoy el pedido de excarcelaci\u00f3n del ex gobernador de Tucum\u00e1n&nbsp;Jos\u00e9 Alperovich&nbsp;que su defensa present\u00f3 luego de ser condenado a 16 a\u00f1os de prisi\u00f3n por abuso sexual y violaci\u00f3n de su sobrina y de quedar inmediatamente detenido.<\/p>\n\n\n\n<p>\u201cLa contundente circunstancia de que se haya dictado un veredicto condenatorio, con la imposici\u00f3n de una pena de 16 a\u00f1os de prisi\u00f3n, que deber\u00e1 ser cumplida hasta el diecisiete de junio del a\u00f1o 2040, y todo lo que trajo aparejado el juicio oral, hace que existan fundamentos suficientes para mantener su encarcelamiento\u201d, sostuvo el magistrado en su resoluci\u00f3n a la que accedi\u00f3&nbsp;Infobae&nbsp;y agreg\u00f3 que&nbsp;\u201cen caso de recuperar su libertad intentar\u00e1 eludir el accionar de la justicia y perjudicar los objetivos del proceso.\u201d<\/p>\n\n\n\n<p>As\u00ed, Alperovich seguir\u00e1 detenido en la c\u00e1rcel federal de m\u00e1xima seguridad de Ezeiza donde est\u00e1 alojado desde ayer a la madrugada.\u00a0Con la decisi\u00f3n del juez -esperable ya que hace menos de 24 horas orden\u00f3 su detenci\u00f3n- la defensa podr\u00e1 apelar el fallo para que intervenga la C\u00e1mara Nacional de Casaci\u00f3n Penal, una nueva instancia en la que volver\u00e1 a pedir su libertad.<\/p>\n\n\n\n<p>Para rechazar la excarcelaci\u00f3n, Ramos Padilla tuvo en cuenta una serie de hechos. Uno es el poder de Alperovich. El magistrado se\u00f1al\u00f3 que tiene \u201cuna gran fortuna y un c\u00edrculo social muy amplio para eludir la acci\u00f3n de la justicia\u201d.&nbsp;\u201cAlperovich, por todas las caracter\u00edsticas que re\u00fane y aqu\u00ed he expuesto, cuenta adem\u00e1s de su poder econ\u00f3mico, con una inmensa red de contactos sociales y pol\u00edticos que inexorablemente podr\u00edan facilitar su salida del pa\u00eds o, en su caso, su ocultamiento\u201d, agreg\u00f3.<\/p>\n\n\n\n<p>La defensa de Alperovich, a cargo del abogado&nbsp;Augusto Garrido,&nbsp;plante\u00f3 que el ex gobernador siempre estuvo a derecho en la causa y que se present\u00f3 cuando as\u00ed se lo requiri\u00f3. Para el juez ese argumento \u201celude por completo el estado en que actualmente se encuentra el expediente\u201d que es ya con una condena de 16 a\u00f1os de prisi\u00f3n.<\/p>\n\n\n\n<p>Pero tambi\u00e9n el juez destac\u00f3 que&nbsp;\u201cla vocaci\u00f3n de eludir el proceso judicial por parte del imputado es clara\u201d. Cit\u00f3 como ejemplo que poco antes de iniciarse el juicio Alperovich tuvo \u201csospechosas manifestaciones vinculadas con un supuesto intento de extorsi\u00f3n del que habr\u00eda sido v\u00edctima, que ni siquiera tuvo el m\u00e1s m\u00ednimo tratamiento durante el desarrollo del proceso\u201d. Tambi\u00e9n que testigos declararon en el juicio que el ex gobernador busc\u00f3 que la v\u00edctima no haga la denuncia en su contra en la justicia y que \u00e9l fue quien revel\u00f3 la identidad de su sobrina.<\/p>\n\n\n\n<p>\u201cEn esa misma l\u00ednea, no puedo ignorar el da\u00f1o que le podr\u00eda causar a la joven M.F.L. la eventual presencia del condenado en la provincia de Tucum\u00e1n, o la eventual concesi\u00f3n de cualquier clase de estos beneficios liberatorios.&nbsp;Eso, a mi juicio, traer\u00eda aparejado ciertas sospechas de la utilizaci\u00f3n de la doble vara a la que hice referencia\u201d, sostuvo Ramos Padilla en relaci\u00f3n a que en general en las causas por delitos sexuales los que llegan a juicio detenidos son personas vulnerables o de bajos recursos y no los poderosos. El juez marc\u00f3 que la libertad de Alperovich podr\u00eda revictimizar a su sobrina, que adem\u00e1s fue madre mientras se desarrollaba el juicio.<\/p>\n\n\n\n<p>El juez agreg\u00f3 que la condena no est\u00e1 firme y queda un camino judicial de apelaciones para que sea revisada pero que todas las circunstancias que desarroll\u00f3 \u201cse puede anticipar que en caso de recuperar su libertad intentar\u00e1 eludir el accionar de la justicia y perjudicar los objetivos del proceso\u201d.<\/p>\n\n\n\n<p>Y sobre los hechos, el juez se\u00f1al\u00f3 que en el juicio oral \u201cse produjo un sinf\u00edn de pruebas s\u00f3lidas, precisas y concordantes contra el acusado\u201d. Respecto al pedido de excarcelaci\u00f3n el fiscal&nbsp;Sandro Abraldes&nbsp;y&nbsp;Carolina Cymerman&nbsp;y&nbsp;Pablo Rovatti,&nbsp;los abogados del&nbsp;Programa de Asistencia y Patrocinio Jur\u00eddico a V\u00edctimas de Delitos de la Defensor\u00eda General de la Naci\u00f3n que representaron a la v\u00edctima, pidieron que se rechace. Los acusadores fueron quienes pidieron su detenci\u00f3n durante el juicio.<\/p>\n\n\n\n<p>El tres veces gobernador de Tucum\u00e1n&nbsp;fue condenado ayer a 16 a\u00f1os de prisi\u00f3n como autor de tres hechos de abuso sexual y nueve violaciones contra su sobrina, quien entre 2017 y 2019 trabaj\u00f3 con \u00e9l como secretaria privada y en la campa\u00f1a electoral para volver al cargo en 2019. El fiscal Sandro Abraldes hab\u00eda pedido una condena de 16 a\u00f1os y medio de prisi\u00f3n y&nbsp;Carolina Cymerman&nbsp;y&nbsp;Pablo Rovatti,&nbsp;los abogados del&nbsp;Programa de Asistencia y Patrocinio Jur\u00eddico a V\u00edctimas de Delitos de la Defensor\u00eda General de la Naci\u00f3n que representaron a la v\u00edctima, una pena de 22 a\u00f1os.<\/p>\n\n\n\n<p>El juez Ramos Padilla consider\u00f3 que Alperovich cometi\u00f3 los delitos&nbsp;\u201cmediando para su comisi\u00f3n intimidaci\u00f3n, abuso de una relaci\u00f3n de dependencia, de poder y de autoridad\u201d y orden\u00f3 \u201cdisponer en este acto la detenci\u00f3n de Jos\u00e9 Jorge Alperovich&nbsp;y su inmediato traslado a una unidad carcelaria del Servicio Penitenciario Federal\u201d, lo que se concret\u00f3 m\u00e1s tarde en la c\u00e1rcel de Ezeiza.<\/p>\n","protected":false},"excerpt":{"rendered":"<p>El juez Ramos Padilla deneg\u00f3 el pedido que present\u00f3 la defensa del ex gobernador de [&hellip;]<\/p>\n","protected":false},"author":1,"featured_media":698,"comment_status":"open","ping_status":"open","sticky":false,"template":"","format":"standard","meta":{"footnotes":""},"categories":[1],"tags":[],"_links":{"self":[{"href":"https:\/\/correntinoticias.com\/index.php\/wp-json\/wp\/v2\/posts\/697"}],"collection":[{"href":"https:\/\/correntinoticias.com\/index.php\/wp-json\/wp\/v2\/posts"}],"about":[{"href":"https:\/\/correntinoticias.com\/index.php\/wp-json\/wp\/v2\/types\/post"}],"author":[{"embeddable":true,"href":"https:\/\/correntinoticias.com\/index.php\/wp-json\/wp\/v2\/users\/1"}],"replies":[{"embeddable":true,"href":"https:\/\/correntinoticias.com\/index.php\/wp-json\/wp\/v2\/comments?post=697"}],"version-history":[{"count":1,"href":"https:\/\/correntinoticias.com\/index.php\/wp-json\/wp\/v2\/posts\/697\/revisions"}],"predecessor-version":[{"id":699,"href":"https:\/\/correntinoticias.com\/index.php\/wp-json\/wp\/v2\/posts\/697\/revisions\/699"}],"wp:featuredmedia":[{"embeddable":true,"href":"https:\/\/correntinoticias.com\/index.php\/wp-json\/wp\/v2\/media\/698"}],"wp:attachment":[{"href":"https:\/\/correntinoticias.com\/index.php\/wp-json\/wp\/v2\/media?parent=697"}],"wp:term":[{"taxonomy":"category","embeddable":true,"href":"https:\/\/correntinoticias.com\/index.php\/wp-json\/wp\/v2\/categories?post=697"},{"taxonomy":"post_tag","embeddable":true,"href":"https:\/\/correntinoticias.com\/index.php\/wp-json\/wp\/v2\/tags?post=697"}],"curies":[{"name":"wp","href":"https:\/\/api.w.org\/{rel}","templated":true}]}}