{"id":682,"date":"2024-05-23T01:08:31","date_gmt":"2024-05-23T01:08:31","guid":{"rendered":"https:\/\/correntinoticias.com\/?p=682"},"modified":"2024-06-06T01:09:18","modified_gmt":"2024-06-06T01:09:18","slug":"indignacion-caballo-murio-en-plena-calle-y-el-carrero-se-dio-a-la-fuga","status":"publish","type":"post","link":"https:\/\/correntinoticias.com\/index.php\/2024\/05\/23\/indignacion-caballo-murio-en-plena-calle-y-el-carrero-se-dio-a-la-fuga\/","title":{"rendered":"INDIGNACI\u00d3N: CABALLO MURI\u00d3 EN PLENA CALLE Y EL CARRERO SE DIO A LA FUGA"},"content":{"rendered":"\n<p>Lo que m\u00e1s indign\u00f3 a la poblaci\u00f3n de Monte Caseros fue la actitud del carrero: simplemente quit\u00f3 las calchas y huy\u00f3 del lugar.&nbsp;<\/p>\n\n\n\n<p>En medio de la creciente preocupaci\u00f3n por el bienestar animal, un tr\u00e1gico suceso sacude a la localidad de Monte Caseros esta ma\u00f1ana. Vecinos consternados reportaron el fallecimiento de un caballo en la calle Sarmiento al 1300, evidenciando una vez m\u00e1s los peligros y maltratos a los que estos nobles animales son sometidos en las calles.<\/p>\n\n\n\n<p>Seg\u00fan los testimonios recogidos en el lugar, el equino colaps\u00f3 debido al agotamiento extremo, tras ser forzado a tirar de un carro de tracci\u00f3n a sangre por su &#8220;propietario&#8221;. Conmocionados testigos presenciaron c\u00f3mo, luego de la tr\u00e1gica ca\u00edda del caballo, el due\u00f1o simplemente desenganch\u00f3 las calchas y se alej\u00f3 del lugar, dejando atr\u00e1s el cuerpo sin vida del animal.<\/p>\n\n\n\n<p>Ante la gravedad de la situaci\u00f3n, autoridades locales fueron alertadas y un m\u00f3vil policial acudi\u00f3 para investigar el incidente.&nbsp;<\/p>\n\n\n\n<p>La escena desgarradora pone de manifiesto la urgente necesidad de implementar medidas m\u00e1s estrictas para proteger a los caballos de los abusos y el sufrimiento innecesario en las calles, as\u00ed como para educar a la poblaci\u00f3n sobre el respeto y el cuidado responsable de los animales de trabajo.<\/p>\n","protected":false},"excerpt":{"rendered":"<p>Lo que m\u00e1s indign\u00f3 a la poblaci\u00f3n de Monte Caseros fue la actitud del carrero: [&hellip;]<\/p>\n","protected":false},"author":1,"featured_media":683,"comment_status":"open","ping_status":"open","sticky":false,"template":"","format":"standard","meta":{"footnotes":""},"categories":[1],"tags":[],"_links":{"self":[{"href":"https:\/\/correntinoticias.com\/index.php\/wp-json\/wp\/v2\/posts\/682"}],"collection":[{"href":"https:\/\/correntinoticias.com\/index.php\/wp-json\/wp\/v2\/posts"}],"about":[{"href":"https:\/\/correntinoticias.com\/index.php\/wp-json\/wp\/v2\/types\/post"}],"author":[{"embeddable":true,"href":"https:\/\/correntinoticias.com\/index.php\/wp-json\/wp\/v2\/users\/1"}],"replies":[{"embeddable":true,"href":"https:\/\/correntinoticias.com\/index.php\/wp-json\/wp\/v2\/comments?post=682"}],"version-history":[{"count":1,"href":"https:\/\/correntinoticias.com\/index.php\/wp-json\/wp\/v2\/posts\/682\/revisions"}],"predecessor-version":[{"id":684,"href":"https:\/\/correntinoticias.com\/index.php\/wp-json\/wp\/v2\/posts\/682\/revisions\/684"}],"wp:featuredmedia":[{"embeddable":true,"href":"https:\/\/correntinoticias.com\/index.php\/wp-json\/wp\/v2\/media\/683"}],"wp:attachment":[{"href":"https:\/\/correntinoticias.com\/index.php\/wp-json\/wp\/v2\/media?parent=682"}],"wp:term":[{"taxonomy":"category","embeddable":true,"href":"https:\/\/correntinoticias.com\/index.php\/wp-json\/wp\/v2\/categories?post=682"},{"taxonomy":"post_tag","embeddable":true,"href":"https:\/\/correntinoticias.com\/index.php\/wp-json\/wp\/v2\/tags?post=682"}],"curies":[{"name":"wp","href":"https:\/\/api.w.org\/{rel}","templated":true}]}}