{"id":676,"date":"2024-05-23T01:05:22","date_gmt":"2024-05-23T01:05:22","guid":{"rendered":"https:\/\/correntinoticias.com\/?p=676"},"modified":"2024-06-06T01:09:43","modified_gmt":"2024-06-06T01:09:43","slug":"el-gobierno-de-misiones-amenaza-con-echar-a-los-policias-que-protesten","status":"publish","type":"post","link":"https:\/\/correntinoticias.com\/index.php\/2024\/05\/23\/el-gobierno-de-misiones-amenaza-con-echar-a-los-policias-que-protesten\/","title":{"rendered":"EL GOBIERNO DE MISIONES AMENAZA CON ECHAR A LOS POLIC\u00cdAS QUE PROTESTEN"},"content":{"rendered":"\n<p>Marcelo P\u00e9rez, ministro de Gobierno provincial, advirti\u00f3 que \u201cla sublevaci\u00f3n es inadmisible y est\u00e1 fuera de la ley\u201d. &nbsp;<\/p>\n\n\n\n<p>El ministro de Gobierno de Misiones,&nbsp;Marcelo P\u00e9rez, advirti\u00f3 que&nbsp;echar\u00e1n a los polic\u00edas&nbsp;que participen de las&nbsp;protestas en reclamo de aumentos salariales, que ya llevan una semana y a las que se sumaron&nbsp;m\u00e9dicos y docentes.<\/p>\n\n\n\n<p><strong>\u201cLa sublevaci\u00f3n&nbsp;es inadmisible&nbsp;y est\u00e1&nbsp;fuera de la ley.<\/strong>&nbsp;No pueden utilizar bienes del Estado para protestar\u201d, se\u00f1al\u00f3 P\u00e9rez en declaraciones a radio&nbsp;La Red.<\/p>\n\n\n\n<p>Consultado acerca de si&nbsp;echar\u00e1n a los polic\u00edas&nbsp;que participan de las protestas, P\u00e9rez se\u00f1al\u00f3: \u201cPor supuesto que s\u00ed.&nbsp;Hay una&nbsp;denuncia penal&nbsp;que determinar\u00e1 las responsabilidades. Hay&nbsp;28 m\u00f3viles policiales que fueron robados&nbsp;y que est\u00e1n siendo utilizados para cualquier cosa menos para cumplir funciones de seguridad\u201d.<\/p>\n\n\n\n<p>\u201cEn cuatro meses, el gobierno de Misiones ha otorgado&nbsp;tres aumentos salariales&nbsp;para la administraci\u00f3n p\u00fablica y el \u00faltimo&nbsp;triplica el \u00edndice de inflaci\u00f3n.&nbsp;Esto&nbsp;no es el \u00faltimo aumento del a\u00f1o; se los va a seguir dando para recomponer el bolsillo del empleado p\u00fablico, pero el gobierno provincial solo puede generar los aumentos que impacten de menor manera en el bolsillo de los contribuyentes. La provincia recibe $20.000 millones menos por parte del Gobierno nacional y la Naci\u00f3n tiene&nbsp;<strong>una deuda con Misiones de m\u00e1s de $77.000 millones\u201d<\/strong>, plante\u00f3 el funcionario.<\/p>\n\n\n\n<p>De todas maneras, destac\u00f3, la provincia \u201ccuenta con&nbsp;total colaboraci\u00f3n de las fuerzas federales\u201d durante el conflicto.<\/p>\n\n\n\n<p>Seg\u00fan P\u00e9rez, \u201clos que est\u00e1n del otro lado de la mesa plantean cuestiones que son\u00a0errores conceptuales\u201d, aunque plante\u00f3 que \u201cno toda la polic\u00eda, no toda la educaci\u00f3n y no toda la salud est\u00e1 plegada al paro\u201d.<\/p>\n\n\n\n<p>En tanto,&nbsp;Germ\u00e1n Palavecino, suboficial mayor retirado y uno de los representantes de los polic\u00edas en la negociaci\u00f3n, dijo en declaraciones a&nbsp;TN&nbsp;que&nbsp;\u201ctodos los veh\u00edculos est\u00e1n a disposici\u00f3n de la jefatura\u201d&nbsp;y neg\u00f3 que sea un \u201clevantamiento armado, como lo han presentado\u201d.<\/p>\n\n\n\n<p><strong>\u201cNo est\u00e1n armados.<\/strong>&nbsp;Pareciera que quieren desvirtuar el reclamo, que tiene car\u00e1cter alimentario.&nbsp;Hay vendido que el edificio estaba tomado, pero est\u00e1 operativo\u201d, agreg\u00f3.<\/p>\n\n\n\n<p>\u201cEl camino para resolver cualquier problem\u00e1tica es el di\u00e1logo. Criminalizar el reclamo no.\u00a0Nos han bajado el sueldo en m\u00e1s del 50 por ciento.\u00a0Estamos esperanzados porque la \u00faltima reuni\u00f3n fue muy amena.\u00a0Nos prometieron no tomar ning\u00fan tipo de sanci\u00f3n. Nos expresaron que entienden el reclamo y hay un principio de entendimiento\u201d, se\u00f1al\u00f3 Palavecino.<\/p>\n\n\n\n<p>\u201cConfiamos en que nos van a acercar una&nbsp;propuesta razonable, porque del gobernador para abajo, ac\u00e1 nos conocemos entre todos. El pedido concreto es que no se nos ajuste a los trabajadores m\u00e1s vulnerables, los que estamos en la primera l\u00ednea.<strong>&nbsp;Con la \u00faltima liquidaci\u00f3n, un agente cobr\u00f3&nbsp;406 mil pesos\u201d, cerr\u00f3.<\/strong><\/p>\n\n\n\n<p>Este mi\u00e9rcoles, en el sexto d\u00eda del conflicto por el&nbsp;reclamo salarial de los polic\u00edas en Misiones&nbsp;se sumaron a la protesta&nbsp;m\u00e9dicos y docentes.&nbsp;Con ese tenso panorama de fondo manifestantes&nbsp;irrumpieron&nbsp;en el&nbsp;Ministerio de Salud provincial y pidieron que los reciban las autoridades.<\/p>\n","protected":false},"excerpt":{"rendered":"<p>Marcelo P\u00e9rez, ministro de Gobierno provincial, advirti\u00f3 que \u201cla sublevaci\u00f3n es inadmisible y est\u00e1 fuera [&hellip;]<\/p>\n","protected":false},"author":1,"featured_media":677,"comment_status":"open","ping_status":"open","sticky":false,"template":"","format":"standard","meta":{"footnotes":""},"categories":[1],"tags":[],"_links":{"self":[{"href":"https:\/\/correntinoticias.com\/index.php\/wp-json\/wp\/v2\/posts\/676"}],"collection":[{"href":"https:\/\/correntinoticias.com\/index.php\/wp-json\/wp\/v2\/posts"}],"about":[{"href":"https:\/\/correntinoticias.com\/index.php\/wp-json\/wp\/v2\/types\/post"}],"author":[{"embeddable":true,"href":"https:\/\/correntinoticias.com\/index.php\/wp-json\/wp\/v2\/users\/1"}],"replies":[{"embeddable":true,"href":"https:\/\/correntinoticias.com\/index.php\/wp-json\/wp\/v2\/comments?post=676"}],"version-history":[{"count":1,"href":"https:\/\/correntinoticias.com\/index.php\/wp-json\/wp\/v2\/posts\/676\/revisions"}],"predecessor-version":[{"id":678,"href":"https:\/\/correntinoticias.com\/index.php\/wp-json\/wp\/v2\/posts\/676\/revisions\/678"}],"wp:featuredmedia":[{"embeddable":true,"href":"https:\/\/correntinoticias.com\/index.php\/wp-json\/wp\/v2\/media\/677"}],"wp:attachment":[{"href":"https:\/\/correntinoticias.com\/index.php\/wp-json\/wp\/v2\/media?parent=676"}],"wp:term":[{"taxonomy":"category","embeddable":true,"href":"https:\/\/correntinoticias.com\/index.php\/wp-json\/wp\/v2\/categories?post=676"},{"taxonomy":"post_tag","embeddable":true,"href":"https:\/\/correntinoticias.com\/index.php\/wp-json\/wp\/v2\/tags?post=676"}],"curies":[{"name":"wp","href":"https:\/\/api.w.org\/{rel}","templated":true}]}}