{"id":671,"date":"2024-05-23T00:55:58","date_gmt":"2024-05-23T00:55:58","guid":{"rendered":"https:\/\/correntinoticias.com\/?p=671"},"modified":"2024-06-06T01:12:58","modified_gmt":"2024-06-06T01:12:58","slug":"ingrid-jetter-se-sumo-al-equipo-de-la-canciller-diana-mondino","status":"publish","type":"post","link":"https:\/\/correntinoticias.com\/index.php\/2024\/05\/23\/ingrid-jetter-se-sumo-al-equipo-de-la-canciller-diana-mondino\/","title":{"rendered":"INGRID JETTER SE SUM\u00d3 AL EQUIPO DE LA CANCILLER DIANA MONDINO"},"content":{"rendered":"\n<p>La ex diputada correntina Ingrid Jetter confirm\u00f3 a trav\u00e9s de sus redes sociales oficiales que desde este jueves es la nueva delegada argentina&nbsp;ante la Comisi\u00f3n Administradora del R\u00edo Uruguay (CARU).&nbsp;<\/p>\n\n\n\n<p>La exdiputada nacional por Corrientes, Ingrid Jetter, fue designada como delegada argentina ante la&nbsp;<strong>Comisi\u00f3n Administradora del R\u00edo Uruguay<\/strong>. El Decreto 442\/2024 anunci\u00f3 su nuevo cargo fue publicado este jueves en el bolet\u00edn oficial.&nbsp;<\/p>\n\n\n\n<p>&#8220;Por encontrarse el cargo vacante, resulta necesario designar a la licenciada Ingrid Jetter como Delegada Argentina ante la Comisi\u00f3n Administradora del R\u00edo Uruguay en el \u00e1mbito de la Secretar\u00eda de Relaciones Exteriores del Ministerio de Relaciones Exteriores, Comercio Internacional y Culto&#8221; , se\u00f1ala el documento.&nbsp;<\/p>\n\n\n\n<p>Cabe destacar que La Comisi\u00f3n Administradora del R\u00edo Uruguay es un organismo internacional creado por las rep\u00fablicas de Argentina y Uruguay para una administraci\u00f3n conjunta del R\u00edo Uruguay en el tramo que comparten ambos pa\u00edses.<\/p>\n","protected":false},"excerpt":{"rendered":"<p>La ex diputada correntina Ingrid Jetter confirm\u00f3 a trav\u00e9s de sus redes sociales oficiales que [&hellip;]<\/p>\n","protected":false},"author":1,"featured_media":685,"comment_status":"open","ping_status":"open","sticky":false,"template":"","format":"standard","meta":{"footnotes":""},"categories":[1],"tags":[],"_links":{"self":[{"href":"https:\/\/correntinoticias.com\/index.php\/wp-json\/wp\/v2\/posts\/671"}],"collection":[{"href":"https:\/\/correntinoticias.com\/index.php\/wp-json\/wp\/v2\/posts"}],"about":[{"href":"https:\/\/correntinoticias.com\/index.php\/wp-json\/wp\/v2\/types\/post"}],"author":[{"embeddable":true,"href":"https:\/\/correntinoticias.com\/index.php\/wp-json\/wp\/v2\/users\/1"}],"replies":[{"embeddable":true,"href":"https:\/\/correntinoticias.com\/index.php\/wp-json\/wp\/v2\/comments?post=671"}],"version-history":[{"count":2,"href":"https:\/\/correntinoticias.com\/index.php\/wp-json\/wp\/v2\/posts\/671\/revisions"}],"predecessor-version":[{"id":686,"href":"https:\/\/correntinoticias.com\/index.php\/wp-json\/wp\/v2\/posts\/671\/revisions\/686"}],"wp:featuredmedia":[{"embeddable":true,"href":"https:\/\/correntinoticias.com\/index.php\/wp-json\/wp\/v2\/media\/685"}],"wp:attachment":[{"href":"https:\/\/correntinoticias.com\/index.php\/wp-json\/wp\/v2\/media?parent=671"}],"wp:term":[{"taxonomy":"category","embeddable":true,"href":"https:\/\/correntinoticias.com\/index.php\/wp-json\/wp\/v2\/categories?post=671"},{"taxonomy":"post_tag","embeddable":true,"href":"https:\/\/correntinoticias.com\/index.php\/wp-json\/wp\/v2\/tags?post=671"}],"curies":[{"name":"wp","href":"https:\/\/api.w.org\/{rel}","templated":true}]}}