{"id":663,"date":"2024-04-23T01:13:05","date_gmt":"2024-04-23T01:13:05","guid":{"rendered":"https:\/\/correntinoticias.com\/?p=663"},"modified":"2024-05-01T01:17:04","modified_gmt":"2024-05-01T01:17:04","slug":"la-escuela-beltran-obtuvo-el-primer-puesto-en-el-concurso-internacional","status":"publish","type":"post","link":"https:\/\/correntinoticias.com\/index.php\/2024\/04\/23\/la-escuela-beltran-obtuvo-el-primer-puesto-en-el-concurso-internacional\/","title":{"rendered":"LA ESCUELA BELTR\u00c1N OBTUVO EL PRIMER PUESTO EN EL CONCURSO INTERNACIONAL"},"content":{"rendered":"\n<p>La escuela t\u00e9cnica Fray Luis Beltr\u00e1n obtuvo el primer puesto, representando a la Argentina, en el concurso de &#8220;Escuela Emprendedora 2023&#8221;, con el proyecto de Biocombustibles Generaci\u00f3n Eco. Un verdadero orgullo para todos los correntinos.\u00a0 \u00a0<\/p>\n\n\n\n<p>Se trata del proyecto\u00a0<strong>&#8220;Biocombustible Generaci\u00f3n ECO&#8221;,\u00a0de la Escuela Fray Luis Beltr\u00e1n,<\/strong>\u00a0que estuvo nominado en el Concurso Escuela Emprendedora 2023, como \u00fanico establecimiento educativo <\/p>\n\n\n\n<p>Luego de la votaci\u00f3n, finalmente obtuvo el primer puesto con el proyecto que aborda el problema de la contaminaci\u00f3n ambiental causada por el aceite de cocina quemado.representando a la Argentina.\u00a0<\/p>\n\n\n\n<p>Esta contaminaci\u00f3n impacta negativamente en la fertilidad del suelo y la vida acu\u00e1tica. Para combatir este problema, el equipo reutiliza el aceite quemado para producir biodi\u00e9sel.<\/p>\n\n\n\n<p>A trav\u00e9s de su proyecto, generaron una ganancia de $1,032 USD. Este equipo es notable por sus esfuerzos para convertir el aceite usado en biodi\u00e9sel, un proceso que no solo mitiga la contaminaci\u00f3n, sino que tambi\u00e9n promueve la producci\u00f3n de combustible sostenible y limpio.<\/p>\n\n\n\n<p><\/p>\n\n\n\n<p><a href=\"https:\/\/www.radiosudamericana.com\/notix\/multimedia\/imagenes\/fotos\/2024-04-23\/230698.jpg\"><\/a><\/p>\n","protected":false},"excerpt":{"rendered":"<p>La escuela t\u00e9cnica Fray Luis Beltr\u00e1n obtuvo el primer puesto, representando a la Argentina, en [&hellip;]<\/p>\n","protected":false},"author":1,"featured_media":664,"comment_status":"open","ping_status":"open","sticky":false,"template":"","format":"standard","meta":{"footnotes":""},"categories":[1],"tags":[],"_links":{"self":[{"href":"https:\/\/correntinoticias.com\/index.php\/wp-json\/wp\/v2\/posts\/663"}],"collection":[{"href":"https:\/\/correntinoticias.com\/index.php\/wp-json\/wp\/v2\/posts"}],"about":[{"href":"https:\/\/correntinoticias.com\/index.php\/wp-json\/wp\/v2\/types\/post"}],"author":[{"embeddable":true,"href":"https:\/\/correntinoticias.com\/index.php\/wp-json\/wp\/v2\/users\/1"}],"replies":[{"embeddable":true,"href":"https:\/\/correntinoticias.com\/index.php\/wp-json\/wp\/v2\/comments?post=663"}],"version-history":[{"count":1,"href":"https:\/\/correntinoticias.com\/index.php\/wp-json\/wp\/v2\/posts\/663\/revisions"}],"predecessor-version":[{"id":665,"href":"https:\/\/correntinoticias.com\/index.php\/wp-json\/wp\/v2\/posts\/663\/revisions\/665"}],"wp:featuredmedia":[{"embeddable":true,"href":"https:\/\/correntinoticias.com\/index.php\/wp-json\/wp\/v2\/media\/664"}],"wp:attachment":[{"href":"https:\/\/correntinoticias.com\/index.php\/wp-json\/wp\/v2\/media?parent=663"}],"wp:term":[{"taxonomy":"category","embeddable":true,"href":"https:\/\/correntinoticias.com\/index.php\/wp-json\/wp\/v2\/categories?post=663"},{"taxonomy":"post_tag","embeddable":true,"href":"https:\/\/correntinoticias.com\/index.php\/wp-json\/wp\/v2\/tags?post=663"}],"curies":[{"name":"wp","href":"https:\/\/api.w.org\/{rel}","templated":true}]}}