{"id":657,"date":"2024-04-23T01:09:58","date_gmt":"2024-04-23T01:09:58","guid":{"rendered":"https:\/\/correntinoticias.com\/?p=657"},"modified":"2024-05-01T01:18:42","modified_gmt":"2024-05-01T01:18:42","slug":"se-desperto-y-me-reconocio-dijo-el-hermano-de-barbara-romero","status":"publish","type":"post","link":"https:\/\/correntinoticias.com\/index.php\/2024\/04\/23\/se-desperto-y-me-reconocio-dijo-el-hermano-de-barbara-romero\/","title":{"rendered":"&#8220;SE DESPERT\u00d3 Y ME RECONOCI\u00d3&#8221;, DIJO EL HERMANO DE B\u00c1RBARA ROMERO"},"content":{"rendered":"\n<p>En la ma\u00f1ana de este martes B\u00e1rbara Romero, nuevamente fue intervenida quir\u00fargicamente debido a las heridas de arma de fuego por parte de ex pareja, otro integrante de la Polic\u00eda de Corrientes. \u201cAyer se despert\u00f3 y me reconoci\u00f3\u201d, expres\u00f3 Facundo, hermano de la joven.<\/p>\n\n\n\n<p>En di\u00e1logo con Radio Sudamericana Facundo Romero, hermano de B\u00e1rbara, la mujer polic\u00eda que fue atacada a tiros por David Medina, su ex pareja y tambi\u00e9n miembro de las fuerzas policiales, brind\u00f3 detalles del estado de salud de la joven. \u201cElla est\u00e1 en cirug\u00eda, que estaba programada parta hoy a las 7 de la ma\u00f1ana\u201d, indic\u00f3 Romero.<\/p>\n\n\n\n<p>Adem\u00e1s aclar\u00f3 sobre publicaciones que circularon en redes sociales sobre una colecta para trasladar a la joven polic\u00eda a una cl\u00ednica privada.<\/p>\n\n\n\n<p>\u201cLos compa\u00f1eros de mi hermana armaron un flyer para que la gente que quiera pueda colaborar para ayudarnos a solventar los gastos, ya que en el Hospital Escuela no contaban con los elementos para esta cirug\u00eda\u201d, relat\u00f3.<\/p>\n\n\n\n<p>En este sentido agreg\u00f3 \u201cel medico que la iba a intervenir del nosocomio privado, decidi\u00f3 que no se la traslade por el estado de ella. El doctor se apersonar\u00eda en el Escuela para hacerle la intervenci\u00f3n quir\u00fargica\u201d.<\/p>\n\n\n\n<h2 class=\"wp-block-heading\"><strong>&nbsp;La esperanza de una familia<\/strong><\/h2>\n\n\n\n<p>Al ser consultado sobre si B\u00e1rbara en alg\u00fan momento retom\u00f3 el conocimiento su hermano respondi\u00f3 \u201cayer cuando ingres\u00e9 a verla ella me reconoci\u00f3, estaba despierta. Todav\u00eda est\u00e1 sedada pero ayer estaba despierta\u201d.<\/p>\n\n\n\n<p>\u201cMe dio felicidad, alegr\u00eda de verla despierta y con esas ganas de vivir y de aferrarse a la vida\u201d, expres\u00f3 emocionado Facundo.<\/p>\n","protected":false},"excerpt":{"rendered":"<p>En la ma\u00f1ana de este martes B\u00e1rbara Romero, nuevamente fue intervenida quir\u00fargicamente debido a las [&hellip;]<\/p>\n","protected":false},"author":1,"featured_media":658,"comment_status":"open","ping_status":"open","sticky":false,"template":"","format":"standard","meta":{"footnotes":""},"categories":[1],"tags":[],"_links":{"self":[{"href":"https:\/\/correntinoticias.com\/index.php\/wp-json\/wp\/v2\/posts\/657"}],"collection":[{"href":"https:\/\/correntinoticias.com\/index.php\/wp-json\/wp\/v2\/posts"}],"about":[{"href":"https:\/\/correntinoticias.com\/index.php\/wp-json\/wp\/v2\/types\/post"}],"author":[{"embeddable":true,"href":"https:\/\/correntinoticias.com\/index.php\/wp-json\/wp\/v2\/users\/1"}],"replies":[{"embeddable":true,"href":"https:\/\/correntinoticias.com\/index.php\/wp-json\/wp\/v2\/comments?post=657"}],"version-history":[{"count":1,"href":"https:\/\/correntinoticias.com\/index.php\/wp-json\/wp\/v2\/posts\/657\/revisions"}],"predecessor-version":[{"id":659,"href":"https:\/\/correntinoticias.com\/index.php\/wp-json\/wp\/v2\/posts\/657\/revisions\/659"}],"wp:featuredmedia":[{"embeddable":true,"href":"https:\/\/correntinoticias.com\/index.php\/wp-json\/wp\/v2\/media\/658"}],"wp:attachment":[{"href":"https:\/\/correntinoticias.com\/index.php\/wp-json\/wp\/v2\/media?parent=657"}],"wp:term":[{"taxonomy":"category","embeddable":true,"href":"https:\/\/correntinoticias.com\/index.php\/wp-json\/wp\/v2\/categories?post=657"},{"taxonomy":"post_tag","embeddable":true,"href":"https:\/\/correntinoticias.com\/index.php\/wp-json\/wp\/v2\/tags?post=657"}],"curies":[{"name":"wp","href":"https:\/\/api.w.org\/{rel}","templated":true}]}}