{"id":648,"date":"2024-04-23T00:39:44","date_gmt":"2024-04-23T00:39:44","guid":{"rendered":"https:\/\/correntinoticias.com\/?p=648"},"modified":"2024-05-01T01:19:14","modified_gmt":"2024-05-01T01:19:14","slug":"el-campo-se-esperanza-por-una-reduccion-de-retenciones","status":"publish","type":"post","link":"https:\/\/correntinoticias.com\/index.php\/2024\/04\/23\/el-campo-se-esperanza-por-una-reduccion-de-retenciones\/","title":{"rendered":"EL CAMPO SE ESPERANZA POR UNA REDUCCI\u00d3N DE RETENCIONES"},"content":{"rendered":"\n<p><span style=\"color: rgb(91, 91, 91); font-family: Ubuntu, &quot;Helvetica Neue&quot;, Helvetica, Arial, sans-serif; font-size: 16px; white-space: normal;\">Javier Milei brind\u00f3 una cadena nacional; la recaudaci\u00f3n por derechos de exportaci\u00f3n subi\u00f3 574,5% contra el a\u00f1o pasado\u00a0\u00a0<\/span><\/p>\n\n\n\n<p>En cadena nacional, el presidente Javier Milei destac\u00f3 los logros econ\u00f3micos y el&nbsp;<strong><em>&#8220;esfuerzo heroico que los argentinos estamos haciendo&#8221;<\/em><\/strong>, al anunciar un nuevo super\u00e1vit financiero del gobierno nacional.&nbsp;<strong><em>&#8220;Esta vez el esfuerzo va a valer la pena&#8221;<\/em><\/strong>, resalt\u00f3.<\/p>\n\n\n\n<p>Milei subray\u00f3 que este es el primer trimestre con super\u00e1vit financiero desde 2008 y record\u00f3 que la Argentina tuvo d\u00e9ficit en 113 de los \u00faltimos 123 a\u00f1os.<\/p>\n\n\n\n<p>En cuanto a los datos, los ingresos totales del sector p\u00fablico nacional en el mes alcanzaron los $6.121.629 millones, con un crecimiento del +254,5% interanual. La recaudaci\u00f3n tributaria mostr\u00f3 un aumento del +254,5% interanual, impulsada principalmente por el comercio exterior y el Impuesto PAIS. En este sentido, los derechos de exportaci\u00f3n aumentaron un +574,5% interanual, representando un incremento de $267.306 millones.<\/p>\n\n\n\n<p>Respecto al futuro, Milei destac\u00f3 que cada peso que le sobre al estado nacional ser\u00e1 devuelto a los argentinos mediante la reducci\u00f3n de impuestos.&nbsp;<strong><em>&#8220;La \u00fanica manera de sacar al 60% de pobres de la Argentina es con crecimiento econ\u00f3mico. No hay otra manera&#8221;<\/em><\/strong>, afirm\u00f3.<\/p>\n\n\n\n<p>El anuncio del super\u00e1vit fiscal gener\u00f3&nbsp;optimismo entre los l\u00edderes del campo argentino, quienes ven esta noticia como un posible indicio de una reducci\u00f3n en las retenciones a las exportaciones.<\/p>\n\n\n\n<p>Carlos Castagnani, presidente de Confederaciones Rurales Argentinas (CRA), alent\u00f3 la posibilidad de que esta situaci\u00f3n marque el inicio de una pol\u00edtica tributaria acorde a lo prometido por el gobierno, se\u00f1alando que&nbsp;<em><strong>&#8220;puede ser que ah\u00ed comience una pol\u00edtica tributaria que es lo que prometi\u00f3 el gobierno de ir pensando en un cronograma de reducci\u00f3n de derechos de exportaci\u00f3n&#8221;<\/strong><\/em>.<\/p>\n\n\n\n<p>Horacio Salaverri, presidente de Carbap, destac\u00f3 la importancia de todas las medidas destinadas a equilibrar la macroeconom\u00eda y sugiri\u00f3 eliminar el gasto superfluo para lograr dicho equilibrio y aliviar la carga impositiva sobre el sector privado. Agreg\u00f3 que<strong><em>&nbsp;&#8220;ser\u00eda muy importante que pueda redundar en una baja de retenciones&#8221;<\/em><\/strong>.<\/p>\n","protected":false},"excerpt":{"rendered":"<p>Javier Milei brind\u00f3 una cadena nacional; la recaudaci\u00f3n por derechos de exportaci\u00f3n subi\u00f3 574,5% contra [&hellip;]<\/p>\n","protected":false},"author":1,"featured_media":649,"comment_status":"open","ping_status":"open","sticky":false,"template":"","format":"standard","meta":{"footnotes":""},"categories":[1],"tags":[],"_links":{"self":[{"href":"https:\/\/correntinoticias.com\/index.php\/wp-json\/wp\/v2\/posts\/648"}],"collection":[{"href":"https:\/\/correntinoticias.com\/index.php\/wp-json\/wp\/v2\/posts"}],"about":[{"href":"https:\/\/correntinoticias.com\/index.php\/wp-json\/wp\/v2\/types\/post"}],"author":[{"embeddable":true,"href":"https:\/\/correntinoticias.com\/index.php\/wp-json\/wp\/v2\/users\/1"}],"replies":[{"embeddable":true,"href":"https:\/\/correntinoticias.com\/index.php\/wp-json\/wp\/v2\/comments?post=648"}],"version-history":[{"count":1,"href":"https:\/\/correntinoticias.com\/index.php\/wp-json\/wp\/v2\/posts\/648\/revisions"}],"predecessor-version":[{"id":650,"href":"https:\/\/correntinoticias.com\/index.php\/wp-json\/wp\/v2\/posts\/648\/revisions\/650"}],"wp:featuredmedia":[{"embeddable":true,"href":"https:\/\/correntinoticias.com\/index.php\/wp-json\/wp\/v2\/media\/649"}],"wp:attachment":[{"href":"https:\/\/correntinoticias.com\/index.php\/wp-json\/wp\/v2\/media?parent=648"}],"wp:term":[{"taxonomy":"category","embeddable":true,"href":"https:\/\/correntinoticias.com\/index.php\/wp-json\/wp\/v2\/categories?post=648"},{"taxonomy":"post_tag","embeddable":true,"href":"https:\/\/correntinoticias.com\/index.php\/wp-json\/wp\/v2\/tags?post=648"}],"curies":[{"name":"wp","href":"https:\/\/api.w.org\/{rel}","templated":true}]}}