{"id":634,"date":"2024-03-14T12:54:41","date_gmt":"2024-03-14T12:54:41","guid":{"rendered":"https:\/\/correntinoticias.com\/?p=634"},"modified":"2024-04-05T13:09:26","modified_gmt":"2024-04-05T13:09:26","slug":"horror-lo-choco-una-camioneta-fue-atacado-por-abejas-y-fallecio","status":"publish","type":"post","link":"https:\/\/correntinoticias.com\/index.php\/2024\/03\/14\/horror-lo-choco-una-camioneta-fue-atacado-por-abejas-y-fallecio\/","title":{"rendered":"HORROR: LO CHOC\u00d3 UNA CAMIONETA, FUE ATACADO POR ABEJAS Y FALLECI\u00d3"},"content":{"rendered":"\n<p>Un hombre de 67 a\u00f1o fue embestido por un automovil lo que provoc\u00f3 que terminara en el asfalto. Tras el impacto la camioneta choc\u00f3 contra un \u00e1rbol, lo que provoc\u00f3 que un enjambre de abejas se dispersara por toda la cuadra, impidiendo que el personal pudiera socorrer al ciclista que yac\u00eda en el suelo.\u00a0<\/p>\n\n\n\n<p>El siniestro sucedi\u00f3 este mediod\u00eda. Seg\u00fan inform\u00f3 la Polic\u00eda del Chaco, Bernardo Alcides Pascua, de 67 a\u00f1os, es el nombre de la v\u00edctima fatal.<\/p>\n\n\n\n<p>Un terrible hecho tuvo lugar este jueves en la localidad de Villa \u00c1ngela. Un ciclista falleci\u00f3 luego de verse involucrado en un accidente de tr\u00e1nsito. Tras caer a la calle, fue atacado por un enjambre de abejas, lo que impidi\u00f3 que el personal m\u00e9dico pudiera socorrerlo.<\/p>\n\n\n\n<p>La Polic\u00eda del Chaco inform\u00f3 que la v\u00edctima fatal se llamaba Bernardo Alcides Pascua, de 67 a\u00f1os.&nbsp;<\/p>\n\n\n\n<p>Cerca de las 12:15 horas, los agentes de la Comisar\u00eda Primera fueron alertados sobre un accidente en la calle Echeverr\u00eda, en la esquina con Tucum\u00e1n.<\/p>\n\n\n\n<p>Ante la situaci\u00f3n, los efectivos corroboraron que los involucrados en el accidente eran una camioneta Ford Modelo F-100 de color bord\u00f3, conducida por un hombre de 67 a\u00f1os, y un ciclista de la misma edad que circulaba en una bicicleta de color rojo.<\/p>\n\n\n\n<p>Seg\u00fan fuentes policiales, la camioneta choc\u00f3 contra un \u00e1rbol, lo que provoc\u00f3 que un enjambre de abejas se dispersara por toda la cuadra, impidiendo que el personal pudiera socorrer al ciclista.<\/p>\n\n\n\n<p>En el lugar intervino el director de zona DZIVA, Marcelo Kostecki y la supervisora de zona X\u00b0 Interior, Yolanda Jara. Tambi\u00e9n estuvieron presentes el personal de Gabinete Cient\u00edfico del Poder Judicial y el personal de Divisi\u00f3n Criminal\u00edstica.&nbsp;<\/p>\n","protected":false},"excerpt":{"rendered":"<p>Un hombre de 67 a\u00f1o fue embestido por un automovil lo que provoc\u00f3 que terminara [&hellip;]<\/p>\n","protected":false},"author":1,"featured_media":635,"comment_status":"open","ping_status":"open","sticky":false,"template":"","format":"standard","meta":{"footnotes":""},"categories":[1],"tags":[],"_links":{"self":[{"href":"https:\/\/correntinoticias.com\/index.php\/wp-json\/wp\/v2\/posts\/634"}],"collection":[{"href":"https:\/\/correntinoticias.com\/index.php\/wp-json\/wp\/v2\/posts"}],"about":[{"href":"https:\/\/correntinoticias.com\/index.php\/wp-json\/wp\/v2\/types\/post"}],"author":[{"embeddable":true,"href":"https:\/\/correntinoticias.com\/index.php\/wp-json\/wp\/v2\/users\/1"}],"replies":[{"embeddable":true,"href":"https:\/\/correntinoticias.com\/index.php\/wp-json\/wp\/v2\/comments?post=634"}],"version-history":[{"count":1,"href":"https:\/\/correntinoticias.com\/index.php\/wp-json\/wp\/v2\/posts\/634\/revisions"}],"predecessor-version":[{"id":636,"href":"https:\/\/correntinoticias.com\/index.php\/wp-json\/wp\/v2\/posts\/634\/revisions\/636"}],"wp:featuredmedia":[{"embeddable":true,"href":"https:\/\/correntinoticias.com\/index.php\/wp-json\/wp\/v2\/media\/635"}],"wp:attachment":[{"href":"https:\/\/correntinoticias.com\/index.php\/wp-json\/wp\/v2\/media?parent=634"}],"wp:term":[{"taxonomy":"category","embeddable":true,"href":"https:\/\/correntinoticias.com\/index.php\/wp-json\/wp\/v2\/categories?post=634"},{"taxonomy":"post_tag","embeddable":true,"href":"https:\/\/correntinoticias.com\/index.php\/wp-json\/wp\/v2\/tags?post=634"}],"curies":[{"name":"wp","href":"https:\/\/api.w.org\/{rel}","templated":true}]}}