{"id":631,"date":"2024-03-14T12:53:16","date_gmt":"2024-03-14T12:53:16","guid":{"rendered":"https:\/\/correntinoticias.com\/?p=631"},"modified":"2024-04-05T13:09:37","modified_gmt":"2024-04-05T13:09:37","slug":"prefectura-desbarato-una-banda-de-narcotraficantes-y-secuestro-droga","status":"publish","type":"post","link":"https:\/\/correntinoticias.com\/index.php\/2024\/03\/14\/prefectura-desbarato-una-banda-de-narcotraficantes-y-secuestro-droga\/","title":{"rendered":"PREFECTURA DESBARAT\u00d3 UNA BANDA DE NARCOTRAFICANTES Y SECUESTR\u00d3 DROGA"},"content":{"rendered":"\n<p>Fue el resultado de intensas tareas de investigaci\u00f3n, llevadas adelante por el Juzgado Federal de Primera Instancia de Gualeguaych\u00fa. Siguieron la pista de una banda que trasladaba droga desde Buenos Aires para distribuirla en Entre R\u00edos.<\/p>\n\n\n\n<p>Se trat\u00f3 de una investigaci\u00f3n llevadas adelante por el Juzgado Federal de Primera Instancia de Gualeguaych\u00fa, a cargo del doctor Hern\u00e1n Viri, Secretar\u00eda en lo Criminal y Correccional N\u00b0 1 del doctor Francisco Grego. As\u00ed con informaci\u00f3n concreta, el magistrado orden\u00f3 la realizaci\u00f3n de siete allanamientos, realizados en distintos domicilios de Gualeguaych\u00fa y en Berazategui (Buenos Aires).<\/p>\n\n\n\n<p><br>Efectivos de la Prefectura Naval Argentina desarticularon una organizaci\u00f3n criminal que vend\u00eda estupefacientes en la ciudad entrerriana de Gualeguaych\u00fa y en distintos penales de la provincia, en un megaoperativo que consisti\u00f3 en siete allanamientos.<\/p>\n\n\n\n<p>Como resultado de las requisas, cinco hombres y una mujer quedaron detenidos, uno de ellos fue demorado en la v\u00eda p\u00fablica, que era el encargado de transportar el estupefaciente desde la provincia de Buenos Aires hasta la ciudad de Gualeguaych\u00fa decomis\u00e1ndose una cantidad significativa de Cannabis Sativa (marihuana), gran cantidad de dosis de Clorhidrato de Coca\u00edna, armas de fuego, dinero en efectivo de moneda nacional y extranjera, dispositivos electr\u00f3nicos, celulares de inter\u00e9s para la causa y dos autom\u00f3viles.<\/p>\n\n\n\n<p>Cabe destacar que para poder dar cumplimiento a los mandatos judiciales emitidos por el Dr. VIRI, la Prefectura Naval Argentina destac\u00f3 alrededor de 60 efectivos de diferentes Unidades dependientes de la Prefectura de Zona Bajo Uruguay y la Direcci\u00f3n de Protecci\u00f3n Ciudadana.<\/p>\n\n\n\n<p><br>El valor de todo lo incautado supera los 24 millones de pesos.<\/p>\n","protected":false},"excerpt":{"rendered":"<p>Fue el resultado de intensas tareas de investigaci\u00f3n, llevadas adelante por el Juzgado Federal de [&hellip;]<\/p>\n","protected":false},"author":1,"featured_media":632,"comment_status":"open","ping_status":"open","sticky":false,"template":"","format":"standard","meta":{"footnotes":""},"categories":[1],"tags":[],"_links":{"self":[{"href":"https:\/\/correntinoticias.com\/index.php\/wp-json\/wp\/v2\/posts\/631"}],"collection":[{"href":"https:\/\/correntinoticias.com\/index.php\/wp-json\/wp\/v2\/posts"}],"about":[{"href":"https:\/\/correntinoticias.com\/index.php\/wp-json\/wp\/v2\/types\/post"}],"author":[{"embeddable":true,"href":"https:\/\/correntinoticias.com\/index.php\/wp-json\/wp\/v2\/users\/1"}],"replies":[{"embeddable":true,"href":"https:\/\/correntinoticias.com\/index.php\/wp-json\/wp\/v2\/comments?post=631"}],"version-history":[{"count":1,"href":"https:\/\/correntinoticias.com\/index.php\/wp-json\/wp\/v2\/posts\/631\/revisions"}],"predecessor-version":[{"id":633,"href":"https:\/\/correntinoticias.com\/index.php\/wp-json\/wp\/v2\/posts\/631\/revisions\/633"}],"wp:featuredmedia":[{"embeddable":true,"href":"https:\/\/correntinoticias.com\/index.php\/wp-json\/wp\/v2\/media\/632"}],"wp:attachment":[{"href":"https:\/\/correntinoticias.com\/index.php\/wp-json\/wp\/v2\/media?parent=631"}],"wp:term":[{"taxonomy":"category","embeddable":true,"href":"https:\/\/correntinoticias.com\/index.php\/wp-json\/wp\/v2\/categories?post=631"},{"taxonomy":"post_tag","embeddable":true,"href":"https:\/\/correntinoticias.com\/index.php\/wp-json\/wp\/v2\/tags?post=631"}],"curies":[{"name":"wp","href":"https:\/\/api.w.org\/{rel}","templated":true}]}}