{"id":620,"date":"2024-01-26T12:55:46","date_gmt":"2024-01-26T12:55:46","guid":{"rendered":"https:\/\/correntinoticias.com\/?p=620"},"modified":"2024-01-26T12:55:46","modified_gmt":"2024-01-26T12:55:46","slug":"javier-milei-participara-del-acto-por-el-dia-internacional-en-memoria-de-las-victimas-del-holocausto","status":"publish","type":"post","link":"https:\/\/correntinoticias.com\/index.php\/2024\/01\/26\/javier-milei-participara-del-acto-por-el-dia-internacional-en-memoria-de-las-victimas-del-holocausto\/","title":{"rendered":"JAVIER MILEI PARTICIPAR\u00c1 DEL ACTO POR EL D\u00cdA INTERNACIONAL EN MEMORIA DE LAS V\u00cdCTIMAS DEL HOLOCAUSTO"},"content":{"rendered":"\n<p>La fecha conmemora la liberaci\u00f3n en 1945 del campo de concentraci\u00f3n y exterminio nazi de Auschwitz-Birkenau. El acto ser\u00e1 en el Museo del Holocausto.<\/p>\n\n\n\n<p>El presidente Javier Milei participar\u00e1 este viernes del acto conmemorativo en el Museo del Holocausto de Buenos Aires por el D\u00eda Internacional en Memoria de las V\u00edctimas del Holocausto, establecido por las Naciones Unidas para recordar la liberaci\u00f3n en 1945 del campo de concentraci\u00f3n y exterminio nazi de Auschwitz-Birkenau por las tropas sovi\u00e9ticas.<\/p>\n\n\n\n<p>Fuentes oficiales informaron este jueves que se espera que Milei hable en una parte del acto, que est\u00e1 programado para las 11 en la sede del museo, ubicado Montevideo 919.<\/p>\n\n\n\n<p>Tambi\u00e9n hablar\u00e1n durante el evento el presidente de la instituci\u00f3n, Marcelo Mindlin, y un sobreviviente de la Sho\u00e1, luego de lo que se realizar\u00e1 la tradicional ceremonia de encendido de las velas del candelabro jud\u00edo en honor y memoria de las v\u00edctimas jud\u00edas del Holocausto.<\/p>\n\n\n\n<p>La conmemoraci\u00f3n fue establecida con car\u00e1cter universal en el a\u00f1o 2005, por la Asamblea General de las Naciones Unidas (ONU), que aprob\u00f3 la Resoluci\u00f3n A\/RES\/60\/7, titulada Recordaci\u00f3n del Holocausto, la cual estableci\u00f3 la fecha del 27 de enero como el D\u00eda Internacional en Conmemoraci\u00f3n de las V\u00edctimas del Holocausto.<\/p>\n\n\n\n<p>Desde entonces y como parte integral de la pol\u00edtica de derechos humanos de la Argentina y de los compromisos asumidos en el marco de la Alianza Internacional para la Memoria del Holocausto (IHRA), cada 27 de enero nuestro pa\u00eds realiza un acto conmemorativo.<\/p>\n\n\n\n<p>En esta oportunidad se realizar\u00e1 en la ma\u00f1ana de este viernes en coincidencia con el shabat, el d\u00eda sagrado del juda\u00edsmo durante el cual no se realizan actividades laborales, entre otras prescripciones religiosas.<\/p>\n\n\n\n<p>La Argentina es el \u00fanico pa\u00eds latinoamericano miembro pleno de la IHRA a partir de la suscripci\u00f3n de la Declaraci\u00f3n de Estocolmo en el a\u00f1o 2000. La Alianza es una organizaci\u00f3n intergubernamental conformada por 35 Estados cuyo objetivo es luchar contra los actos de antisemitismo, intolerancia y discriminaci\u00f3n que puedan conducir a genocidios como los vividos por la humanidad en el siglo XX.<\/p>\n\n\n\n<p>Para ello, asume el compromiso de abordar la tem\u00e1tica del Holocausto desde una triple perspectiva: la educaci\u00f3n, la rememoraci\u00f3n y la investigaci\u00f3n.<\/p>\n","protected":false},"excerpt":{"rendered":"<p>La fecha conmemora la liberaci\u00f3n en 1945 del campo de concentraci\u00f3n y exterminio nazi de [&hellip;]<\/p>\n","protected":false},"author":1,"featured_media":621,"comment_status":"open","ping_status":"open","sticky":false,"template":"","format":"standard","meta":{"footnotes":""},"categories":[1],"tags":[],"_links":{"self":[{"href":"https:\/\/correntinoticias.com\/index.php\/wp-json\/wp\/v2\/posts\/620"}],"collection":[{"href":"https:\/\/correntinoticias.com\/index.php\/wp-json\/wp\/v2\/posts"}],"about":[{"href":"https:\/\/correntinoticias.com\/index.php\/wp-json\/wp\/v2\/types\/post"}],"author":[{"embeddable":true,"href":"https:\/\/correntinoticias.com\/index.php\/wp-json\/wp\/v2\/users\/1"}],"replies":[{"embeddable":true,"href":"https:\/\/correntinoticias.com\/index.php\/wp-json\/wp\/v2\/comments?post=620"}],"version-history":[{"count":1,"href":"https:\/\/correntinoticias.com\/index.php\/wp-json\/wp\/v2\/posts\/620\/revisions"}],"predecessor-version":[{"id":622,"href":"https:\/\/correntinoticias.com\/index.php\/wp-json\/wp\/v2\/posts\/620\/revisions\/622"}],"wp:featuredmedia":[{"embeddable":true,"href":"https:\/\/correntinoticias.com\/index.php\/wp-json\/wp\/v2\/media\/621"}],"wp:attachment":[{"href":"https:\/\/correntinoticias.com\/index.php\/wp-json\/wp\/v2\/media?parent=620"}],"wp:term":[{"taxonomy":"category","embeddable":true,"href":"https:\/\/correntinoticias.com\/index.php\/wp-json\/wp\/v2\/categories?post=620"},{"taxonomy":"post_tag","embeddable":true,"href":"https:\/\/correntinoticias.com\/index.php\/wp-json\/wp\/v2\/tags?post=620"}],"curies":[{"name":"wp","href":"https:\/\/api.w.org\/{rel}","templated":true}]}}