{"id":612,"date":"2023-12-19T11:21:15","date_gmt":"2023-12-19T11:21:15","guid":{"rendered":"https:\/\/correntinoticias.com\/?p=612"},"modified":"2023-12-19T11:21:16","modified_gmt":"2023-12-19T11:21:16","slug":"corrientes-alerta-amarilla-por-tormentas-fuertes-con-rafagas","status":"publish","type":"post","link":"https:\/\/correntinoticias.com\/index.php\/2023\/12\/19\/corrientes-alerta-amarilla-por-tormentas-fuertes-con-rafagas\/","title":{"rendered":"CORRIENTES: ALERTA AMARILLA POR TORMENTAS FUERTES CON R\u00c1FAGAS"},"content":{"rendered":"\n<p>\u00a0La temperatura m\u00e1xima hoy ser\u00e1 de 26\u00b0C, luego de que ayer se registrara una sensaci\u00f3n t\u00e9rmica de 42\u00b0C.\u00a0<\/p>\n\n\n\n<p>La ciudad de Corrientes amaneci\u00f3 este martes con precipitaciones y se preve que el mal tiempo continue en lo que resta de la ma\u00f1ana.<\/p>\n\n\n\n<p>El Servicio Meteorol\u00f3gico Nacional lanz\u00f3 una alerta amarilla por fuertes tormentas. &nbsp; Ber\u00f3n de Astrada, Capital, Empedrado, General Paz, Itat\u00ed,&nbsp; Mburucuy\u00e1 , Saladas, San Cosme y San Luis del Palmar<\/p>\n\n\n\n<p>&#8220;El \u00e1rea ser\u00e1 afectada por tormentas, algunas localmente fuertes. Las mismas estar\u00e1n acompa\u00f1adas por intensa actividad el\u00e9ctrica, ocasional ca\u00edda de granizo, y abundante ca\u00edda de agua en cortos per\u00edodos de tiempo. No se descartan r\u00e1fagas fuertes en forma localizada&#8221;, indica el SMN.&nbsp;<\/p>\n\n\n\n<p>Y agrega: &#8220;Se estiman valores de precipitaci\u00f3n acumulada entre 40 y 60 mm, pudiendo ser superados en forma puntual&#8221;.<\/p>\n\n\n\n<p>Por la tarde, en tanto, se prev\u00e9 la presencia de tormentas aisladas, con una probabilidad de hasta el 70%, y se espera que la temperatura alcance los 26 grados de m\u00e1xima prevista para hoy.<\/p>\n\n\n\n<p>Con 24 grados por la noche, el martes cerrar\u00e1 con intensas precipitaciones. El mal tiempo continuar\u00eda durante la jornada del mi\u00e9rcoles, con probabilidad de tormentas aisladas y chaparrones.<\/p>\n","protected":false},"excerpt":{"rendered":"<p>\u00a0La temperatura m\u00e1xima hoy ser\u00e1 de 26\u00b0C, luego de que ayer se registrara una sensaci\u00f3n [&hellip;]<\/p>\n","protected":false},"author":1,"featured_media":613,"comment_status":"open","ping_status":"open","sticky":false,"template":"","format":"standard","meta":{"footnotes":""},"categories":[1],"tags":[],"_links":{"self":[{"href":"https:\/\/correntinoticias.com\/index.php\/wp-json\/wp\/v2\/posts\/612"}],"collection":[{"href":"https:\/\/correntinoticias.com\/index.php\/wp-json\/wp\/v2\/posts"}],"about":[{"href":"https:\/\/correntinoticias.com\/index.php\/wp-json\/wp\/v2\/types\/post"}],"author":[{"embeddable":true,"href":"https:\/\/correntinoticias.com\/index.php\/wp-json\/wp\/v2\/users\/1"}],"replies":[{"embeddable":true,"href":"https:\/\/correntinoticias.com\/index.php\/wp-json\/wp\/v2\/comments?post=612"}],"version-history":[{"count":1,"href":"https:\/\/correntinoticias.com\/index.php\/wp-json\/wp\/v2\/posts\/612\/revisions"}],"predecessor-version":[{"id":614,"href":"https:\/\/correntinoticias.com\/index.php\/wp-json\/wp\/v2\/posts\/612\/revisions\/614"}],"wp:featuredmedia":[{"embeddable":true,"href":"https:\/\/correntinoticias.com\/index.php\/wp-json\/wp\/v2\/media\/613"}],"wp:attachment":[{"href":"https:\/\/correntinoticias.com\/index.php\/wp-json\/wp\/v2\/media?parent=612"}],"wp:term":[{"taxonomy":"category","embeddable":true,"href":"https:\/\/correntinoticias.com\/index.php\/wp-json\/wp\/v2\/categories?post=612"},{"taxonomy":"post_tag","embeddable":true,"href":"https:\/\/correntinoticias.com\/index.php\/wp-json\/wp\/v2\/tags?post=612"}],"curies":[{"name":"wp","href":"https:\/\/api.w.org\/{rel}","templated":true}]}}