{"id":602,"date":"2023-12-19T11:16:27","date_gmt":"2023-12-19T11:16:27","guid":{"rendered":"https:\/\/correntinoticias.com\/?p=602"},"modified":"2023-12-19T11:16:28","modified_gmt":"2023-12-19T11:16:28","slug":"destrozaron-otro-aire-en-la-misma-escuela","status":"publish","type":"post","link":"https:\/\/correntinoticias.com\/index.php\/2023\/12\/19\/destrozaron-otro-aire-en-la-misma-escuela\/","title":{"rendered":"DESTROZARON OTRO AIRE EN LA MISMA ESCUELA"},"content":{"rendered":"\n<p>Delincuentes se robaron elementos de un sistema de refrigeraci\u00f3n en un colegio durante el \u00faltimo fin de semana. Con este ya son nueve los equipos desmantelados.<\/p>\n\n\n\n<p>La escuela &#8220;Arturo Frondizi&#8221; contin\u00faa como blanco constante de los delincuentes. Esta vez, entraron por el patio y se robaron partes de un aire acondicionado, dej\u00e1ndolo sin utilidad y ocasionando un da\u00f1o enorme al establecimiento por los costos que significan reacondicionar estos equipos y la falta de recursos para poder comprar nuevos. Ya ser\u00edan nueve los equipos afectados por esta modalidad delictiva.<\/p>\n\n\n\n<p>Los directivos de la escuela ubicada por calle S\u00e1enz Cavia y Jos\u00e9 Negro se encontraron con un escenario que, lamentablemente, ocurre cada vez con m\u00e1s frecuencia. Nuevamente un aire acondicionado fue desmantelado para sustraer el cobre de su interior para su venta.<\/p>\n\n\n\n<p>Es el noveno aparato inutilizado en el lapso de una semana, en la cual comenzaron estas actividades delictivas en el lugar, desde la comunidad educativa expresaron su preocupaci\u00f3n por esta situaci\u00f3n.<\/p>\n\n\n\n<p>En dialogo con \u00e9poca, Enrique C\u00f3seres, vicerrector de la instituci\u00f3n, coment\u00f3: &#8220;En el transcurso de la semana pasada y hoy, nos inutilizaron nueve aires acondicionados&#8221;.<\/p>\n\n\n\n<p>&#8220;Los aires acondicionados estaban protegidos por rejas y las palanquearon igual&#8221;, sostuvo.<\/p>\n\n\n\n<p>Adem\u00e1s, a\u00f1adi\u00f3: &#8220;Estamos pensando c\u00f3mo dar clases con estos calores. Con m\u00e1s de 35 grados y m\u00e1s de 30 alumnos en un aula se hace imposible, estuvimos trabajando con cooperadora para poder reponer uno de los aires, haciendo venta de arroz con pollo y ahora nos encontramos con esto&#8221;.<\/p>\n\n\n\n<p>&#8220;Reparar estos aires cuesta alrededor de 60 mil pesos, pero el \u00faltimo que atacaron qued\u00f3 totalmente destruido y los otros perdieron todo el gas, lo cual implica tambi\u00e9n un gasto. Hoy en d\u00eda, eso cuesta 30 mil pesos por aire&#8221;, sostuvo.<\/p>\n\n\n\n<p>&#8220;Esto es tierra de nadie, la Polic\u00eda siempre anda, pero ya le tomaron el tiempo, tenemos una indignaci\u00f3n e impotencia, no sabemos qu\u00e9 vamos a hacer&#8221;, se lament\u00f3 C\u00f3seres.<\/p>\n\n\n\n<p>Ante la consulta acerca de la cercan\u00eda del receso de verano y el cese de actividades en el establecimiento por vacaciones, el docente resalt\u00f3 su preocupaci\u00f3n al respecto: &#8220;Nos hace falta un sereno, pero no podemos pagarlo&#8221;.<\/p>\n\n\n\n<p>En el lugar tomaron las actuaciones pertinentes efectivos policiales de la comisar\u00eda D\u00e9cimo S\u00e9ptima por jurisdicci\u00f3n y personal del Grupo de Respuesta Inmediata Motorizada 4 (GRIM 4), quienes sospechan que estos reiterados atracos a esta comunidad educativa tendr\u00edan como autores a las mismas personas.<\/p>\n\n\n\n<p>No se descarta la hip\u00f3tesis de que se trate de familiares de alumnos del establecimiento, por una inspecci\u00f3n ocular llevada a cabo en el lugar por los miembros de la seccional policial interviniente.<\/p>\n\n\n\n<p>En este contexto, el escenario para el reinicio de clases el a\u00f1o que viene es incierto, teniendo en cuenta que los casos de inseguridad se acrecientan y no se avizora una soluci\u00f3n en el corto plazo para la comunidad de este colegio. M\u00e1s a\u00fan si tenemos en cuenta el calor extremo y sin aires acondicionados en las aulas, lo que podr\u00eda generar inconvenientes en el alumnado.<\/p>\n\n\n\n<p><\/p>\n","protected":false},"excerpt":{"rendered":"<p>Delincuentes se robaron elementos de un sistema de refrigeraci\u00f3n en un colegio durante el \u00faltimo [&hellip;]<\/p>\n","protected":false},"author":1,"featured_media":603,"comment_status":"open","ping_status":"open","sticky":false,"template":"","format":"standard","meta":{"footnotes":""},"categories":[1],"tags":[],"_links":{"self":[{"href":"https:\/\/correntinoticias.com\/index.php\/wp-json\/wp\/v2\/posts\/602"}],"collection":[{"href":"https:\/\/correntinoticias.com\/index.php\/wp-json\/wp\/v2\/posts"}],"about":[{"href":"https:\/\/correntinoticias.com\/index.php\/wp-json\/wp\/v2\/types\/post"}],"author":[{"embeddable":true,"href":"https:\/\/correntinoticias.com\/index.php\/wp-json\/wp\/v2\/users\/1"}],"replies":[{"embeddable":true,"href":"https:\/\/correntinoticias.com\/index.php\/wp-json\/wp\/v2\/comments?post=602"}],"version-history":[{"count":1,"href":"https:\/\/correntinoticias.com\/index.php\/wp-json\/wp\/v2\/posts\/602\/revisions"}],"predecessor-version":[{"id":604,"href":"https:\/\/correntinoticias.com\/index.php\/wp-json\/wp\/v2\/posts\/602\/revisions\/604"}],"wp:featuredmedia":[{"embeddable":true,"href":"https:\/\/correntinoticias.com\/index.php\/wp-json\/wp\/v2\/media\/603"}],"wp:attachment":[{"href":"https:\/\/correntinoticias.com\/index.php\/wp-json\/wp\/v2\/media?parent=602"}],"wp:term":[{"taxonomy":"category","embeddable":true,"href":"https:\/\/correntinoticias.com\/index.php\/wp-json\/wp\/v2\/categories?post=602"},{"taxonomy":"post_tag","embeddable":true,"href":"https:\/\/correntinoticias.com\/index.php\/wp-json\/wp\/v2\/tags?post=602"}],"curies":[{"name":"wp","href":"https:\/\/api.w.org\/{rel}","templated":true}]}}