{"id":594,"date":"2023-11-22T15:09:09","date_gmt":"2023-11-22T15:09:09","guid":{"rendered":"https:\/\/correntinoticias.com\/?p=594"},"modified":"2023-11-22T15:09:09","modified_gmt":"2023-11-22T15:09:09","slug":"tras-colision-conductora-resulto-con-fractura-y-contusiones-varias","status":"publish","type":"post","link":"https:\/\/correntinoticias.com\/index.php\/2023\/11\/22\/tras-colision-conductora-resulto-con-fractura-y-contusiones-varias\/","title":{"rendered":"TRAS COLISI\u00d3N, CONDUCTORA RESULT\u00d3 CON FRACTURA Y CONTUSIONES VARIAS"},"content":{"rendered":"\n<p>La imprudencia por parte de un automovilista dej\u00f3 a una penitenciaria herida. El siniestro vial sucedi\u00f3 en la ciudad capital.<\/p>\n\n\n\n<p>En la ma\u00f1ana de ayer, poco despu\u00e9s de las 7 una funcionaria penitenciaria se desplazaba en motocicleta y result\u00f3 con heridas graves tras chocar contra un automovilista. El siniestro vial se registr\u00f3 sobre avenida Maip\u00fa de la capital provincial.<\/p>\n\n\n\n<p>En una zona que no est\u00e1 permitida, el conductor de un autom\u00f3vil al servicio de rem\u00eds intent\u00f3 girar en &#8220;U&#8221; hacia calle Nicaragua, cuando circulaba por avenida Maipu. Al &#8220;volantear&#8221; impact\u00f3 contra el auto una mujer quien guiaba una Honda Wave.<\/p>\n\n\n\n<p>En el rodado de menor porte circulaba una mujer penitenciaria identificada como Evel\u00edn R. de 24 a\u00f1os, quien a causa del fuerte impacto cay\u00f3 a la cinta asf\u00e1ltica y sufri\u00f3 fractura en su pierna derecha, adem\u00e1s de contusiones varias.<\/p>\n\n\n\n<p>En tanto en el autom\u00f3vil Fiat Siena, al servicio de rem\u00eds, circulaba un hombre de 74 a\u00f1os quien a la prensa dijo que &#8220;intent\u00e9 dar la vuelta y no la vi a la chica. Escuch\u00e9 solamente la bocina y luego, el impacto&#8221;. El conductor no revisti\u00f3 heridas. Pero la mujer fue trasladada de urgencias al Hospital Escuela al que ingres\u00f3 con m\u00faltiples heridas.<\/p>\n\n\n\n<p>El tr\u00e1nsito en la zona estuvo interrumpida hasta que finalizaron los trabajos de peritajes respectivos.<\/p>\n\n\n\n<h2 class=\"wp-block-heading\">Choque<\/h2>\n\n\n\n<p>Por otra parte, se inform\u00f3 de un siniestro vial entre dos autom\u00f3viles en calle Lanari y avenida R\u00edo Chico de esta ciudad, en el cual afortunadamente solo se registr\u00f3 da\u00f1os materiales.<\/p>\n\n\n\n<p>El choque entre los veh\u00edculos se registr\u00f3 el lunes pasado. Ambos conductores resultaron ilesos, inform\u00f3 una fuente oficial.<\/p>\n\n\n\n<p>A la zona lleg\u00f3 un m\u00f3vil policial de la jurisdicci\u00f3n, quien mantuvo el tr\u00e1nsito interrumpido hasta que concluyeron los trabajos de peritos.<\/p>\n","protected":false},"excerpt":{"rendered":"<p>La imprudencia por parte de un automovilista dej\u00f3 a una penitenciaria herida. El siniestro vial [&hellip;]<\/p>\n","protected":false},"author":1,"featured_media":595,"comment_status":"open","ping_status":"open","sticky":false,"template":"","format":"standard","meta":{"footnotes":""},"categories":[1],"tags":[],"_links":{"self":[{"href":"https:\/\/correntinoticias.com\/index.php\/wp-json\/wp\/v2\/posts\/594"}],"collection":[{"href":"https:\/\/correntinoticias.com\/index.php\/wp-json\/wp\/v2\/posts"}],"about":[{"href":"https:\/\/correntinoticias.com\/index.php\/wp-json\/wp\/v2\/types\/post"}],"author":[{"embeddable":true,"href":"https:\/\/correntinoticias.com\/index.php\/wp-json\/wp\/v2\/users\/1"}],"replies":[{"embeddable":true,"href":"https:\/\/correntinoticias.com\/index.php\/wp-json\/wp\/v2\/comments?post=594"}],"version-history":[{"count":1,"href":"https:\/\/correntinoticias.com\/index.php\/wp-json\/wp\/v2\/posts\/594\/revisions"}],"predecessor-version":[{"id":596,"href":"https:\/\/correntinoticias.com\/index.php\/wp-json\/wp\/v2\/posts\/594\/revisions\/596"}],"wp:featuredmedia":[{"embeddable":true,"href":"https:\/\/correntinoticias.com\/index.php\/wp-json\/wp\/v2\/media\/595"}],"wp:attachment":[{"href":"https:\/\/correntinoticias.com\/index.php\/wp-json\/wp\/v2\/media?parent=594"}],"wp:term":[{"taxonomy":"category","embeddable":true,"href":"https:\/\/correntinoticias.com\/index.php\/wp-json\/wp\/v2\/categories?post=594"},{"taxonomy":"post_tag","embeddable":true,"href":"https:\/\/correntinoticias.com\/index.php\/wp-json\/wp\/v2\/tags?post=594"}],"curies":[{"name":"wp","href":"https:\/\/api.w.org\/{rel}","templated":true}]}}