{"id":592,"date":"2023-11-22T15:07:49","date_gmt":"2023-11-22T15:07:49","guid":{"rendered":"https:\/\/correntinoticias.com\/?p=592"},"modified":"2023-11-22T15:31:57","modified_gmt":"2023-11-22T15:31:57","slug":"arrojo-motocicleta-robada-y-fue-detenido","status":"publish","type":"post","link":"https:\/\/correntinoticias.com\/index.php\/2023\/11\/22\/arrojo-motocicleta-robada-y-fue-detenido\/","title":{"rendered":"ARROJ\u00d3 MOTOCICLETA ROBADA Y FUE DETENIDO"},"content":{"rendered":"\n<p>Un delincuente sustrajo una motocicleta en la localidad correntina de Paso de la Patria. El rodado estaba en la v\u00eda p\u00fablica. A las pocas cuadras fue abordado por la fuerza policial tras ser denunciado el hecho por el due\u00f1o.<\/p>\n\n\n\n<p>Efectivos de la comisar\u00eda de la Villa Tur\u00edstica de Paso de la Patria tomaron conocimiento que por avenida Rioja, entre las calles Sicardi y Neuqu\u00e9n, un delincuente rob\u00f3 una moto Honda Wave la cual se halla estacionada en la v\u00eda p\u00fablica.<\/p>\n\n\n\n<p>El hecho fue observado por el due\u00f1o, quien sin dudar pidi\u00f3 ayuda a la fuerza policial.<\/p>\n\n\n\n<p>Con la premura del caso y las averiguaciones realizadas dieron inicio a la b\u00fasqueda de la moto.<\/p>\n\n\n\n<h2 class=\"wp-block-heading\">Secuestro y detenci\u00f3n<\/h2>\n\n\n\n<p>As\u00ed llegaron hasta Ruta Provincial N\u00b05, kil\u00f3metro 7, donde hallaron a un muchacho a bordo de una motocicleta con similares caracter\u00edsticas a la denunciada como sustra\u00edda.<\/p>\n\n\n\n<p>Intentaron identificar al sospechoso quien arroj\u00f3 la moto pero tras un r\u00e1pido accionar lograron demorarlo.<\/p>\n\n\n\n<p>Se trat\u00f3 de un joven de 21 a\u00f1os, quien qued\u00f3 a disposici\u00f3n de la Justicia.<\/p>\n\n\n\n<p>Afortunadamente, el rodado fue recuperado a las pocas horas de ser alertada a la fuerza policial local del delito.<\/p>\n\n\n\n<p>En tanto, desde la Polic\u00eda informaron que contin\u00faan las tareas de prevenci\u00f3n de il\u00edcitos en la Villa Tur\u00edstica, donde los efectivos apostados en calles y lugares estrat\u00e9gicos evitan delitos y recuperan rodados, los cuales circulan sin documentaciones correspondientes.<\/p>\n","protected":false},"excerpt":{"rendered":"<p>Un delincuente sustrajo una motocicleta en la localidad correntina de Paso de la Patria. El [&hellip;]<\/p>\n","protected":false},"author":1,"featured_media":600,"comment_status":"open","ping_status":"open","sticky":false,"template":"","format":"standard","meta":{"footnotes":""},"categories":[1],"tags":[],"_links":{"self":[{"href":"https:\/\/correntinoticias.com\/index.php\/wp-json\/wp\/v2\/posts\/592"}],"collection":[{"href":"https:\/\/correntinoticias.com\/index.php\/wp-json\/wp\/v2\/posts"}],"about":[{"href":"https:\/\/correntinoticias.com\/index.php\/wp-json\/wp\/v2\/types\/post"}],"author":[{"embeddable":true,"href":"https:\/\/correntinoticias.com\/index.php\/wp-json\/wp\/v2\/users\/1"}],"replies":[{"embeddable":true,"href":"https:\/\/correntinoticias.com\/index.php\/wp-json\/wp\/v2\/comments?post=592"}],"version-history":[{"count":1,"href":"https:\/\/correntinoticias.com\/index.php\/wp-json\/wp\/v2\/posts\/592\/revisions"}],"predecessor-version":[{"id":593,"href":"https:\/\/correntinoticias.com\/index.php\/wp-json\/wp\/v2\/posts\/592\/revisions\/593"}],"wp:featuredmedia":[{"embeddable":true,"href":"https:\/\/correntinoticias.com\/index.php\/wp-json\/wp\/v2\/media\/600"}],"wp:attachment":[{"href":"https:\/\/correntinoticias.com\/index.php\/wp-json\/wp\/v2\/media?parent=592"}],"wp:term":[{"taxonomy":"category","embeddable":true,"href":"https:\/\/correntinoticias.com\/index.php\/wp-json\/wp\/v2\/categories?post=592"},{"taxonomy":"post_tag","embeddable":true,"href":"https:\/\/correntinoticias.com\/index.php\/wp-json\/wp\/v2\/tags?post=592"}],"curies":[{"name":"wp","href":"https:\/\/api.w.org\/{rel}","templated":true}]}}