{"id":586,"date":"2023-11-22T15:03:38","date_gmt":"2023-11-22T15:03:38","guid":{"rendered":"https:\/\/correntinoticias.com\/?p=586"},"modified":"2023-11-22T15:03:39","modified_gmt":"2023-11-22T15:03:39","slug":"juan-carlos-alvarez-hay-que-darle-el-tiempo-necesario-a-milei","status":"publish","type":"post","link":"https:\/\/correntinoticias.com\/index.php\/2023\/11\/22\/juan-carlos-alvarez-hay-que-darle-el-tiempo-necesario-a-milei\/","title":{"rendered":"JUAN CARLOS \u00c1LVAREZ: &#8220;HAY QUE DARLE EL TIEMPO NECESARIO A MILEI&#8221;"},"content":{"rendered":"\n<p>Tras las primeras 48 horas de los resultados del balotaje presidencial, el intendente de Monte Caseros, Juan Carlos \u00c1lvarez, se expres\u00f3 sobre su visi\u00f3n pol\u00edtica.<\/p>\n\n\n\n<p>En ese sentido, el jefe comunal pidi\u00f3 &#8220;darle el tiempo necesario&#8221; a Javier Milei como nuevo presidente de Argentina, recordando que &#8220;si le dimos tiempo a Alberto Fern\u00e1ndez durante cuatro a\u00f1os para que podamos entender lo que quer\u00eda hacer con el pa\u00eds y fuimos tolerantes, tambi\u00e9n tenemos que darle a este nuevo Gobierno esa misma tolerancia y paciencia&#8221;.<\/p>\n\n\n\n<p>A su vez, se mostr\u00f3 entusiasmado con la nueva Presidencia y remarc\u00f3 que hay que ver los cambios que se produzcan y necesita el pa\u00eds. &#8220;Se deben dejar de tomar deudas y que se pueda frenar la inflaci\u00f3n&#8221;, dijo.<\/p>\n\n\n\n<p>A su vez, manifest\u00f3 que apuesta a que Milei trabaje en conjunto con los gobernadores.<\/p>\n\n\n\n<p>&#8220;Argentina se encuentra en estado cr\u00edtico y no tenemos un mago que nos saque de la ma\u00f1ana a la noche de esta situaci\u00f3n&#8221;, finaliz\u00f3.<\/p>\n","protected":false},"excerpt":{"rendered":"<p>Tras las primeras 48 horas de los resultados del balotaje presidencial, el intendente de Monte [&hellip;]<\/p>\n","protected":false},"author":1,"featured_media":587,"comment_status":"open","ping_status":"open","sticky":false,"template":"","format":"standard","meta":{"footnotes":""},"categories":[1],"tags":[],"_links":{"self":[{"href":"https:\/\/correntinoticias.com\/index.php\/wp-json\/wp\/v2\/posts\/586"}],"collection":[{"href":"https:\/\/correntinoticias.com\/index.php\/wp-json\/wp\/v2\/posts"}],"about":[{"href":"https:\/\/correntinoticias.com\/index.php\/wp-json\/wp\/v2\/types\/post"}],"author":[{"embeddable":true,"href":"https:\/\/correntinoticias.com\/index.php\/wp-json\/wp\/v2\/users\/1"}],"replies":[{"embeddable":true,"href":"https:\/\/correntinoticias.com\/index.php\/wp-json\/wp\/v2\/comments?post=586"}],"version-history":[{"count":1,"href":"https:\/\/correntinoticias.com\/index.php\/wp-json\/wp\/v2\/posts\/586\/revisions"}],"predecessor-version":[{"id":588,"href":"https:\/\/correntinoticias.com\/index.php\/wp-json\/wp\/v2\/posts\/586\/revisions\/588"}],"wp:featuredmedia":[{"embeddable":true,"href":"https:\/\/correntinoticias.com\/index.php\/wp-json\/wp\/v2\/media\/587"}],"wp:attachment":[{"href":"https:\/\/correntinoticias.com\/index.php\/wp-json\/wp\/v2\/media?parent=586"}],"wp:term":[{"taxonomy":"category","embeddable":true,"href":"https:\/\/correntinoticias.com\/index.php\/wp-json\/wp\/v2\/categories?post=586"},{"taxonomy":"post_tag","embeddable":true,"href":"https:\/\/correntinoticias.com\/index.php\/wp-json\/wp\/v2\/tags?post=586"}],"curies":[{"name":"wp","href":"https:\/\/api.w.org\/{rel}","templated":true}]}}