{"id":576,"date":"2023-10-31T05:00:02","date_gmt":"2023-10-31T05:00:02","guid":{"rendered":"https:\/\/correntinoticias.com\/?p=576"},"modified":"2023-10-31T05:00:02","modified_gmt":"2023-10-31T05:00:02","slug":"curuzu-murio-joven-herido-tras-choque-entre-dos-motocicletas","status":"publish","type":"post","link":"https:\/\/correntinoticias.com\/index.php\/2023\/10\/31\/curuzu-murio-joven-herido-tras-choque-entre-dos-motocicletas\/","title":{"rendered":"CURUZ\u00da: MURI\u00d3 JOVEN HERIDO TRAS CHOQUE ENTRE DOS MOTOCICLETAS"},"content":{"rendered":"\n<p>Un joven de 26 a\u00f1os, que viajaba como acompa\u00f1ante en una moto junto a un mayor de 66 a\u00f1os, muri\u00f3 el fin de semana en la ciudad de Curuz\u00fa Cuati\u00e1, producto de la conducci\u00f3n irresponsable de otro motoquero en una Cross que los atropell\u00f3. La v\u00edctima y el conductor del veh\u00edculo en la que viajaban ven\u00edan de trabajar cuando los embistieron.<\/p>\n\n\n\n<p><\/p>\n\n\n\n<p>El siniestro sucedi\u00f3 el viernes alrededor de las 17:45, en la intersecci\u00f3n de las calles Chiclana y la ex Ruta Nacional 14, un tramo de ripio sumamente inestable para quienes circulan a alta velocidad.<\/p>\n\n\n\n<p>Seg\u00fan indicaron las fuentes, por calle Chiclana circulaba una motocicleta Corven de 110 cc., conducida por un hombre de apellido Magallanes de 66 a\u00f1os y en compa\u00f1\u00eda de un muchacho de 26 a\u00f1os de apellido Duarte; mientras que por la ex Ruta 14 y a muy alta velocidad se trasladaba una motocicleta Corven tipo Cross, al mando de un hombre de 33 a\u00f1os de apellido Castillo, quien no logr\u00f3 frenar a tiempo al ver cruzar el otro veh\u00edculo.<\/p>\n\n\n\n<p>El impacto fue tan violento que los dos ocupantes de la moto de 110 cc sufrieron todas las consecuencias del choque. El mayor de ellos termin\u00f3 con una lesi\u00f3n de consideraci\u00f3n de la cadera, mientras que su acompa\u00f1ante, quien viajaba sin casco de seguridad, sufri\u00f3 un traumatismo severo de cr\u00e1neo, que lo dej\u00f3 en grav\u00edsimo estado. Ambos fueron trasladados hasta el hospital local donde cerca de las 19 el m\u00e9dico policial decret\u00f3 que Duarte presentaba muerte cerebral. Al d\u00eda siguiente se oficializ\u00f3 su deceso y el cuerpo fue entregado a sus familiares para su inhumaci\u00f3n. El responsable del siniestro fue acusado de homicidio culposo por parte de la fiscal. No qued\u00f3 detenido.<\/p>\n","protected":false},"excerpt":{"rendered":"<p>Un joven de 26 a\u00f1os, que viajaba como acompa\u00f1ante en una moto junto a un [&hellip;]<\/p>\n","protected":false},"author":1,"featured_media":577,"comment_status":"open","ping_status":"open","sticky":false,"template":"","format":"standard","meta":{"footnotes":""},"categories":[1],"tags":[],"_links":{"self":[{"href":"https:\/\/correntinoticias.com\/index.php\/wp-json\/wp\/v2\/posts\/576"}],"collection":[{"href":"https:\/\/correntinoticias.com\/index.php\/wp-json\/wp\/v2\/posts"}],"about":[{"href":"https:\/\/correntinoticias.com\/index.php\/wp-json\/wp\/v2\/types\/post"}],"author":[{"embeddable":true,"href":"https:\/\/correntinoticias.com\/index.php\/wp-json\/wp\/v2\/users\/1"}],"replies":[{"embeddable":true,"href":"https:\/\/correntinoticias.com\/index.php\/wp-json\/wp\/v2\/comments?post=576"}],"version-history":[{"count":1,"href":"https:\/\/correntinoticias.com\/index.php\/wp-json\/wp\/v2\/posts\/576\/revisions"}],"predecessor-version":[{"id":578,"href":"https:\/\/correntinoticias.com\/index.php\/wp-json\/wp\/v2\/posts\/576\/revisions\/578"}],"wp:featuredmedia":[{"embeddable":true,"href":"https:\/\/correntinoticias.com\/index.php\/wp-json\/wp\/v2\/media\/577"}],"wp:attachment":[{"href":"https:\/\/correntinoticias.com\/index.php\/wp-json\/wp\/v2\/media?parent=576"}],"wp:term":[{"taxonomy":"category","embeddable":true,"href":"https:\/\/correntinoticias.com\/index.php\/wp-json\/wp\/v2\/categories?post=576"},{"taxonomy":"post_tag","embeddable":true,"href":"https:\/\/correntinoticias.com\/index.php\/wp-json\/wp\/v2\/tags?post=576"}],"curies":[{"name":"wp","href":"https:\/\/api.w.org\/{rel}","templated":true}]}}