{"id":573,"date":"2023-10-31T04:58:59","date_gmt":"2023-10-31T04:58:59","guid":{"rendered":"https:\/\/correntinoticias.com\/?p=573"},"modified":"2023-10-31T04:58:59","modified_gmt":"2023-10-31T04:58:59","slug":"cayo-ivan-el-terrible-mientras-desvalijaba-una-casa-en-el-paso","status":"publish","type":"post","link":"https:\/\/correntinoticias.com\/index.php\/2023\/10\/31\/cayo-ivan-el-terrible-mientras-desvalijaba-una-casa-en-el-paso\/","title":{"rendered":"CAY\u00d3 IV\u00c1N &#8220;EL TERRIBLE&#8221; MIENTRAS DESVALIJABA UNA CASA EN &#8220;EL PASO&#8221;"},"content":{"rendered":"\n<p>Su c\u00f3mplice logr\u00f3 escapar al ver las patrullas. Ambos han sido filmados en numerosos robos pero, pese a ser detenidos, consiguen en 48 horas y menos ser liberados, solo para volver a cometer sus fechor\u00edas.<\/p>\n\n\n\n<p>La Polic\u00eda de Paso de la Patria volvi\u00f3 a detener este fin de semana a un reconocido delincuente, quien qued\u00f3 filmado en numerosos robos ocurridos en la villa tur\u00edstica, junto a otro c\u00f3mplice, y fue beneficiado en otras tantas veces con la libertad tras ser arrestado. Ahora lo pillaron junto a un compa\u00f1ero de robos, mientras desvalijaban una vivienda, aunque solo Iv\u00e1n &#8220;el terrible&#8221; qued\u00f3 preso, ya que su &#8220;compinche&#8221; logr\u00f3 escapar al ver la patrullar en la calle. Este domingo por la noche un fiscal habr\u00eda ordenado su excarcelaci\u00f3n, una vez m\u00e1s.<\/p>\n\n\n\n<p>El hecho ocurri\u00f3 el viernes a la madrugada, en una vivienda ubicada por calle Quijano y Ruta Provincial N\u00b06 de acceso a Paso de la Patria, donde el delincuente, al que todos llaman Iv\u00e1n &#8220;el terrible&#8221;, hab\u00eda desmantelado grifer\u00edas y sanitarios; ten\u00edan preparados palas, cortadoras de c\u00e9sped, prolongadores, focos, serruchos, sillas playeras y otros elementos. Ven\u00edan de robar otra casa y ten\u00edan todo acumulado en el patio exterior de la vivienda que estaban robando, cuando les cayeron los efectivos de la comisar\u00eda de &#8220;El Paso&#8221;, luego de ser alertados del robo en proceso.<\/p>\n\n\n\n<p>Uno de los malvivientes vio a la patrulla y alcanz\u00f3 a salir corriendo justo segundos antes de que irrumpan en la casa. Iv\u00e1n no corri\u00f3 con la misma suerte y fue detenido en flagrancia. Es decir, que lo atraparon en pleno robo, lo cual agrava su situaci\u00f3n procesal a la hora de encuadrar la acusaci\u00f3n por el hecho.<\/p>\n\n\n\n<h2 class=\"wp-block-heading\">Los antecedentes<\/h2>\n\n\n\n<p>Iv\u00e1n L. es un joven con un extenso prontuario delictivo y que eligi\u00f3 la villa tur\u00edstica de Paso de la Patria para cometer sus fechor\u00edas, ya que \u00e9l es oriundo de la capital correntina, aunque un familiar suyo vivir\u00eda en &#8220;El Paso&#8221;, donde permanentemente se ha dedicado a robar todo lo que est\u00e1 a su alcance. Tanto \u00e9l como su pareja y c\u00f3mplice, otro joven de apellido G\u00f3mez, han quedado filmados en numerosos atracos, como el sucedido el s\u00e1bado 21 de octubre, donde uno de ellos meti\u00f3 mercader\u00edas de un supermercado local entre sus pantalones. La due\u00f1a lo descubri\u00f3 y el carnicero del local lo corri\u00f3 a palazos. Un par de meses atr\u00e1s quedaron registrados ingresando a un Maxikiosco del que robaron $1.5 millones de peso en mercader\u00eda, bebidas y dinero en efectivo. Siempre quedan libres tras ser arrestado. Los vecinos de la &#8220;villa tur\u00edstica&#8221; est\u00e1n hartos de tanta impunidad y exigen m\u00e1s severidad de parte de la justicia.<\/p>\n\n\n\n<p>Fuentes allegadas al caso, confirmaron a \u00e9poca, que ayer por la noche Iv\u00e1n &#8220;el terrible&#8221;, habr\u00eda conseguido ser liberado una vez m\u00e1s por parte del fiscal en turno. Con tanta impunidad a su favor, solo resta esperar y ver cu\u00e1l ser\u00e1 su nuevo objetivo<\/p>\n","protected":false},"excerpt":{"rendered":"<p>Su c\u00f3mplice logr\u00f3 escapar al ver las patrullas. Ambos han sido filmados en numerosos robos [&hellip;]<\/p>\n","protected":false},"author":1,"featured_media":574,"comment_status":"open","ping_status":"open","sticky":false,"template":"","format":"standard","meta":{"footnotes":""},"categories":[1],"tags":[],"_links":{"self":[{"href":"https:\/\/correntinoticias.com\/index.php\/wp-json\/wp\/v2\/posts\/573"}],"collection":[{"href":"https:\/\/correntinoticias.com\/index.php\/wp-json\/wp\/v2\/posts"}],"about":[{"href":"https:\/\/correntinoticias.com\/index.php\/wp-json\/wp\/v2\/types\/post"}],"author":[{"embeddable":true,"href":"https:\/\/correntinoticias.com\/index.php\/wp-json\/wp\/v2\/users\/1"}],"replies":[{"embeddable":true,"href":"https:\/\/correntinoticias.com\/index.php\/wp-json\/wp\/v2\/comments?post=573"}],"version-history":[{"count":1,"href":"https:\/\/correntinoticias.com\/index.php\/wp-json\/wp\/v2\/posts\/573\/revisions"}],"predecessor-version":[{"id":575,"href":"https:\/\/correntinoticias.com\/index.php\/wp-json\/wp\/v2\/posts\/573\/revisions\/575"}],"wp:featuredmedia":[{"embeddable":true,"href":"https:\/\/correntinoticias.com\/index.php\/wp-json\/wp\/v2\/media\/574"}],"wp:attachment":[{"href":"https:\/\/correntinoticias.com\/index.php\/wp-json\/wp\/v2\/media?parent=573"}],"wp:term":[{"taxonomy":"category","embeddable":true,"href":"https:\/\/correntinoticias.com\/index.php\/wp-json\/wp\/v2\/categories?post=573"},{"taxonomy":"post_tag","embeddable":true,"href":"https:\/\/correntinoticias.com\/index.php\/wp-json\/wp\/v2\/tags?post=573"}],"curies":[{"name":"wp","href":"https:\/\/api.w.org\/{rel}","templated":true}]}}