{"id":570,"date":"2023-10-31T04:57:25","date_gmt":"2023-10-31T04:57:25","guid":{"rendered":"https:\/\/correntinoticias.com\/?p=570"},"modified":"2023-10-31T04:57:25","modified_gmt":"2023-10-31T04:57:25","slug":"bandas-de-menores-y-una-cita-a-la-guerra-tres-demorados","status":"publish","type":"post","link":"https:\/\/correntinoticias.com\/index.php\/2023\/10\/31\/bandas-de-menores-y-una-cita-a-la-guerra-tres-demorados\/","title":{"rendered":"BANDAS DE MENORES Y UNA CITA A &#8220;LA GUERRA&#8221;: TRES DEMORADOS"},"content":{"rendered":"\n<p>Semanas antes grupos de chicos de entre 13 a 16 a\u00f1os de dos barrios capitalinos se desafiaron a una pelea. Pactaron el encuentro cerca de un boliche. Al final, ocurri\u00f3 el enfrentamiento con el uso de gomeras, palos y hasta cuchillos, mientras aprovechaban a cometer robos.<\/p>\n\n\n\n<p>Dos grupos de adolescentes de entre 13 a 16 a\u00f1os participaron en la capital de Corrientes de una pelea callejera en la que utilizaron palos, gomeras y hasta cuchillos. Como saldo hubo lastimados y la Polic\u00eda logr\u00f3 la demora de tres de ellos.<\/p>\n\n\n\n<p>La cita o desaf\u00edo a una &#8220;guerra&#8221; entre barrios comenz\u00f3 hace al menos de dos semanas entre bandas juveniles que utilizaron, principalmente, las redes sociales para alentar el encuentro &#8220;a muerte&#8221;.<\/p>\n\n\n\n<p>El caso genera gran preocupaci\u00f3n en las autoridades porque existir\u00edan provocaciones similares entre otras pandillas de menores de edad.<\/p>\n\n\n\n<p>Lo sucedido este fin de semana bien pudo terminar con peores consecuencias. Pero en un eficaz procedimiento la fuerza de seguridad, a trav\u00e9s de su Grupo de Respuesta Inmediata Motorizada 2 (GRIM 2), desbarat\u00f3 parte de la reyerta en inmediaciones a un boliche y secuestr\u00f3 gomeras, piedras y un arma blanca.<\/p>\n\n\n\n<p>La ri\u00f1a a la cual ambas facciones de jovencitos denominaron una &#8220;guerra&#8221; estall\u00f3 el s\u00e1bado, poco antes de la medianoche en alrededores a la avenida Ra\u00fal Alfons\u00edn y Medrano.<\/p>\n\n\n\n<p>Im\u00e1genes a las cuales accedi\u00f3 \u00e9poca indican que el encuentro fue pactado al menos un par de semanas antes.<\/p>\n\n\n\n<p>En la red social Instagram cruzaron palabras miembros del autodenominado grupo de &#8220;la plaza&#8221;, quienes ser\u00edan del barrio Pujol, y los del llamado &#8220;Loma Linda&#8221;, tal como se nombra a un sector del barrio Villa Raquel.<\/p>\n\n\n\n<p>&#8220;Ya estamos listos con todos los chicos. El 28 de octubre guerra (y nombran a un local de diversi\u00f3n nocturna como lugar del choque) vs Loma Linda&#8221;, escribieron los chicos de &#8220;la plaza&#8221; en un posteo.<\/p>\n\n\n\n<p>El GRIM 2 y la comisar\u00eda Decimosexta debieron actuar frente a una situaci\u00f3n de violencia callejera.<\/p>\n\n\n\n<p>Al llegar a la esquina de Medrano y Alfons\u00edn, frente al boliche donde hab\u00eda una fiesta con motivo de &#8220;Hallowen&#8221;, observaron a numerosos adolescentes.<\/p>\n\n\n\n<p>En calles aleda\u00f1as habr\u00edan ocurrido escaramuzas y peleas con el uso de objetos contundentes.<\/p>\n\n\n\n<p>Una patrulla del GRIM 2 intercept\u00f3 a los tres menores demorados en la esquina de avenida Independencia y Medrano, a unas cinco cuadras del lugar acordado para pelear.<\/p>\n\n\n\n<p>Se trata de chicos de apenas 15 a\u00f1os. Uno portaba una gomera, otro una bolsa con piedras y el restante un cuchillo.<\/p>\n\n\n\n<p>Mientras dur\u00f3 el cruce violento ambos grupos cometieron robos de pertenencias a sus rivales, tales como zapatillas y algunas ropas.<\/p>\n\n\n\n<p>Si bien no hubo reporte oficial de personas heridas, varios de los part\u00edcipes del enfrentamiento estar\u00edan lastimados.<\/p>\n\n\n\n<p>Respecto a la pandilla juvenil de &#8220;Loma Linda&#8221; fue se\u00f1alada este a\u00f1o como responsable de golpizas a otros menores de barrios cercanos, tales como Laguna Seca y Villa Chiquita, adem\u00e1s de ocasionar da\u00f1os a veh\u00edculos estacionados y lanzar proyectiles con gomera contra ventanas de viviendas.<\/p>\n\n\n\n<p>En tiempos de redes sociales cada vez que cometen sus actos de agresi\u00f3n o vandalismo tienden a compartirlas como una demostraci\u00f3n de &#8220;poder&#8221;.<\/p>\n","protected":false},"excerpt":{"rendered":"<p>Semanas antes grupos de chicos de entre 13 a 16 a\u00f1os de dos barrios capitalinos [&hellip;]<\/p>\n","protected":false},"author":1,"featured_media":571,"comment_status":"open","ping_status":"open","sticky":false,"template":"","format":"standard","meta":{"footnotes":""},"categories":[1],"tags":[],"_links":{"self":[{"href":"https:\/\/correntinoticias.com\/index.php\/wp-json\/wp\/v2\/posts\/570"}],"collection":[{"href":"https:\/\/correntinoticias.com\/index.php\/wp-json\/wp\/v2\/posts"}],"about":[{"href":"https:\/\/correntinoticias.com\/index.php\/wp-json\/wp\/v2\/types\/post"}],"author":[{"embeddable":true,"href":"https:\/\/correntinoticias.com\/index.php\/wp-json\/wp\/v2\/users\/1"}],"replies":[{"embeddable":true,"href":"https:\/\/correntinoticias.com\/index.php\/wp-json\/wp\/v2\/comments?post=570"}],"version-history":[{"count":1,"href":"https:\/\/correntinoticias.com\/index.php\/wp-json\/wp\/v2\/posts\/570\/revisions"}],"predecessor-version":[{"id":572,"href":"https:\/\/correntinoticias.com\/index.php\/wp-json\/wp\/v2\/posts\/570\/revisions\/572"}],"wp:featuredmedia":[{"embeddable":true,"href":"https:\/\/correntinoticias.com\/index.php\/wp-json\/wp\/v2\/media\/571"}],"wp:attachment":[{"href":"https:\/\/correntinoticias.com\/index.php\/wp-json\/wp\/v2\/media?parent=570"}],"wp:term":[{"taxonomy":"category","embeddable":true,"href":"https:\/\/correntinoticias.com\/index.php\/wp-json\/wp\/v2\/categories?post=570"},{"taxonomy":"post_tag","embeddable":true,"href":"https:\/\/correntinoticias.com\/index.php\/wp-json\/wp\/v2\/tags?post=570"}],"curies":[{"name":"wp","href":"https:\/\/api.w.org\/{rel}","templated":true}]}}