{"id":559,"date":"2023-09-11T15:48:00","date_gmt":"2023-09-11T15:48:00","guid":{"rendered":"https:\/\/correntinoticias.com\/?p=559"},"modified":"2023-10-19T15:56:22","modified_gmt":"2023-10-19T15:56:22","slug":"correntino-detenido-tenia-cocaina-y-quiso-ocultarse-de-la-policia","status":"publish","type":"post","link":"https:\/\/correntinoticias.com\/index.php\/2023\/09\/11\/correntino-detenido-tenia-cocaina-y-quiso-ocultarse-de-la-policia\/","title":{"rendered":"CORRENTINO DETENIDO: TEN\u00cdA COCA\u00cdNA Y QUISO OCULTARSE DE LA POLIC\u00cdA"},"content":{"rendered":"\n<p>En la localidad de Concordia, provincia de Entre R\u00edos, la Polic\u00eda detuvo a un sospechoso. El hombre, domiciliado en Corrientes, ocultaba coca\u00edna fraccionada para la venta.<\/p>\n\n\n\n<p>Datos aportados por la Polic\u00eda entrerriana a la prensa local indicaron que en momentos en que personal del Comando Radioel\u00e9ctrico circulaba por calle San Luis, pr\u00f3ximo al cruce con Urdinarrain, observ\u00f3 a una persona que al ver el patrullero ingres\u00f3 r\u00e1pidamente al Hogar de Tr\u00e1nsito Municipal de esa ciudad.<\/p>\n\n\n\n<p>La actitud del sujeto fue llamativa para los efectivos, por lo que se acercaron para identificarlo.<\/p>\n\n\n\n<p>Tras respuestas evasivas solicitaron una orden de requisa personal, la cual fue autorizada por la Unidad Fiscal de Concordia.<\/p>\n\n\n\n<p>De esa manera, descubrieron que el sospechoso, de 54 a\u00f1os, transportaba en su mochila m\u00e1s de 10.000 pesos en efectivo, una tablet, un tel\u00e9fono celular y m\u00e1s de 30 envoltorios que conten\u00edan clorhidrato de coca\u00edna.<\/p>\n\n\n\n<p>La Unidad Fiscal orden\u00f3 el secuestro de los elementos hallados y la detenci\u00f3n del hombre.<\/p>\n\n\n\n<h2 class=\"wp-block-heading\">Identidad<\/h2>\n\n\n\n<p>Tras la identificaci\u00f3n respectiva result\u00f3 con domicilio en la localidad correntina de Paso de los Libres.<\/p>\n\n\n\n<p>Tambi\u00e9n indicaron que el hombre cuenta con antecedentes delictivos.<\/p>\n","protected":false},"excerpt":{"rendered":"<p>En la localidad de Concordia, provincia de Entre R\u00edos, la Polic\u00eda detuvo a un sospechoso. [&hellip;]<\/p>\n","protected":false},"author":1,"featured_media":560,"comment_status":"open","ping_status":"open","sticky":false,"template":"","format":"standard","meta":{"footnotes":""},"categories":[1],"tags":[],"_links":{"self":[{"href":"https:\/\/correntinoticias.com\/index.php\/wp-json\/wp\/v2\/posts\/559"}],"collection":[{"href":"https:\/\/correntinoticias.com\/index.php\/wp-json\/wp\/v2\/posts"}],"about":[{"href":"https:\/\/correntinoticias.com\/index.php\/wp-json\/wp\/v2\/types\/post"}],"author":[{"embeddable":true,"href":"https:\/\/correntinoticias.com\/index.php\/wp-json\/wp\/v2\/users\/1"}],"replies":[{"embeddable":true,"href":"https:\/\/correntinoticias.com\/index.php\/wp-json\/wp\/v2\/comments?post=559"}],"version-history":[{"count":1,"href":"https:\/\/correntinoticias.com\/index.php\/wp-json\/wp\/v2\/posts\/559\/revisions"}],"predecessor-version":[{"id":561,"href":"https:\/\/correntinoticias.com\/index.php\/wp-json\/wp\/v2\/posts\/559\/revisions\/561"}],"wp:featuredmedia":[{"embeddable":true,"href":"https:\/\/correntinoticias.com\/index.php\/wp-json\/wp\/v2\/media\/560"}],"wp:attachment":[{"href":"https:\/\/correntinoticias.com\/index.php\/wp-json\/wp\/v2\/media?parent=559"}],"wp:term":[{"taxonomy":"category","embeddable":true,"href":"https:\/\/correntinoticias.com\/index.php\/wp-json\/wp\/v2\/categories?post=559"},{"taxonomy":"post_tag","embeddable":true,"href":"https:\/\/correntinoticias.com\/index.php\/wp-json\/wp\/v2\/tags?post=559"}],"curies":[{"name":"wp","href":"https:\/\/api.w.org\/{rel}","templated":true}]}}