{"id":1141,"date":"2026-03-13T17:49:28","date_gmt":"2026-03-13T17:49:28","guid":{"rendered":"https:\/\/correntinoticias.com\/?p=1141"},"modified":"2026-03-13T17:49:29","modified_gmt":"2026-03-13T17:49:29","slug":"susto-se-incendiaron-dos-autos-estacionados-a-metros-del-puente","status":"publish","type":"post","link":"https:\/\/correntinoticias.com\/index.php\/2026\/03\/13\/susto-se-incendiaron-dos-autos-estacionados-a-metros-del-puente\/","title":{"rendered":"SUSTO: SE INCENDIARON DOS AUTOS ESTACIONADOS A METROS DEL PUENTE"},"content":{"rendered":"\n<p>El siniestro ocurri\u00f3 en la noche del jueves en el barrio Arazat\u00ed a metros del puente General Manuel Belgrano. En el lugar trabajaron bomberos y evitaron que las llamas se propagaran hacia los dem\u00e1s veh\u00edculos que se encontraban en el lugar.<\/p>\n\n\n\n<p>Alrededor de las 22:30 del jueves\u00a0<strong>dos autom\u00f3viles se encendieron,<\/strong>\u00a0\u00a0los rodados estaban estacionados sobre calle D\u00edaz de Vivar y Lavalle, en el\u00a0<strong>barrio Arazat\u00ed\u00a0<\/strong>de la ciudad de Corrientes<\/p>\n\n\n\n<p>De acuerdo a los primeros datos a los que accedi\u00f3 Radio Sudamericana,&nbsp; el fuego habr\u00eda iniciado en uno de los veh\u00edculos y luego las llamas se propagaron hacia el segundo auto. Los veh\u00edculos involucrados fueron un&nbsp;<strong>Citro\u00ebn C4 y un Peugeot 2008<\/strong>, los da\u00f1os fueron totales.<\/p>\n\n\n\n<p>En el lugar trabajaron Bomberos Voluntarios quienes lograron sofocar el incendio y evitaron que otros rodados se consumieran por las llamas.<\/p>\n","protected":false},"excerpt":{"rendered":"<p>El siniestro ocurri\u00f3 en la noche del jueves en el barrio Arazat\u00ed a metros del [&hellip;]<\/p>\n","protected":false},"author":1,"featured_media":1143,"comment_status":"open","ping_status":"open","sticky":false,"template":"","format":"standard","meta":{"footnotes":""},"categories":[1],"tags":[],"_links":{"self":[{"href":"https:\/\/correntinoticias.com\/index.php\/wp-json\/wp\/v2\/posts\/1141"}],"collection":[{"href":"https:\/\/correntinoticias.com\/index.php\/wp-json\/wp\/v2\/posts"}],"about":[{"href":"https:\/\/correntinoticias.com\/index.php\/wp-json\/wp\/v2\/types\/post"}],"author":[{"embeddable":true,"href":"https:\/\/correntinoticias.com\/index.php\/wp-json\/wp\/v2\/users\/1"}],"replies":[{"embeddable":true,"href":"https:\/\/correntinoticias.com\/index.php\/wp-json\/wp\/v2\/comments?post=1141"}],"version-history":[{"count":1,"href":"https:\/\/correntinoticias.com\/index.php\/wp-json\/wp\/v2\/posts\/1141\/revisions"}],"predecessor-version":[{"id":1144,"href":"https:\/\/correntinoticias.com\/index.php\/wp-json\/wp\/v2\/posts\/1141\/revisions\/1144"}],"wp:featuredmedia":[{"embeddable":true,"href":"https:\/\/correntinoticias.com\/index.php\/wp-json\/wp\/v2\/media\/1143"}],"wp:attachment":[{"href":"https:\/\/correntinoticias.com\/index.php\/wp-json\/wp\/v2\/media?parent=1141"}],"wp:term":[{"taxonomy":"category","embeddable":true,"href":"https:\/\/correntinoticias.com\/index.php\/wp-json\/wp\/v2\/categories?post=1141"},{"taxonomy":"post_tag","embeddable":true,"href":"https:\/\/correntinoticias.com\/index.php\/wp-json\/wp\/v2\/tags?post=1141"}],"curies":[{"name":"wp","href":"https:\/\/api.w.org\/{rel}","templated":true}]}}