{"id":1138,"date":"2026-03-13T17:48:08","date_gmt":"2026-03-13T17:48:08","guid":{"rendered":"https:\/\/correntinoticias.com\/?p=1138"},"modified":"2026-03-13T17:48:09","modified_gmt":"2026-03-13T17:48:09","slug":"capturan-a-dos-hombres-acusados-de-intentar-asaltar-a-un-utilitario","status":"publish","type":"post","link":"https:\/\/correntinoticias.com\/index.php\/2026\/03\/13\/capturan-a-dos-hombres-acusados-de-intentar-asaltar-a-un-utilitario\/","title":{"rendered":"CAPTURAN A DOS HOMBRES ACUSADOS DE INTENTAR ASALTAR A UN UTILITARIO"},"content":{"rendered":"\n<p>El hecho ocurri\u00f3 el pasado 6 de marzo en la localidad correntina de Goya cuando los sospechosos, que se movilizaban en una motocicleta, intentaron interceptar una camioneta de reparto. Ambos fueron detenidos este jueves\u00a0tras dos allanamientos. \u00a0<\/p>\n\n\n\n<p>Dos hombres fueron detenidos en la ciudad de Goya acusados de intentar asaltar a un utilitario perteneciente a una empresa distribuidora. El hecho ocurri\u00f3 el pasado\u00a0viernes 6 de marzo por la ma\u00f1ana y los sospechosos fueron aprehendidos este jueves tras una serie de allanamientos realizados por la Polic\u00eda de Corrientes.<\/p>\n\n\n\n<p>Seg\u00fan informaci\u00f3n del corresponsal de dicha localidad correntina, Rafael Palacios, el intento de robo se registr\u00f3 alrededor de las 8:05 en la intersecci\u00f3n de las calles Evaristo L\u00f3pez y Baibiene. Seg\u00fan la investigaci\u00f3n, los acusados se desplazaban en una motocicleta de 110cc e intentaron interceptar un utilitario Peugeot Berlingo de color blanco utilizado para tareas de distribuci\u00f3n.<\/p>\n\n\n\n<p>C\u00e1maras de seguridad de la zona captaron el momento en que la motocicleta intenta cruzarse en el camino del veh\u00edculo. Sin embargo, el conductor del utilitario logr\u00f3 evitar la acci\u00f3n mediante maniobras evasivas y continu\u00f3 su recorrido sin que se concretara el asalto.<\/p>\n\n\n\n<p>A partir de las tareas investigativas, la Polic\u00eda realiz\u00f3 dos allanamientos simult\u00e1neos que permitieron detener a los presuntos autores, identificados con los apellidos Flores y Guzm\u00e1n. Durante los procedimientos se secuestraron prendas de vestir, cascos y la motocicleta que habr\u00eda sido utilizada durante el intento de robo.<\/p>\n\n\n\n<p>Seg\u00fan declar\u00f3 la v\u00edctima que conduc\u00eda el utilitario, los sospechosos no exhibieron armas durante el hecho, y tampoco se encontraron armas en los allanamientos realizados por la polic\u00eda.<\/p>\n\n\n\n<p>Los detenidos quedaron alojados en la Comisar\u00eda Primera de Goya, mientras que en la causa interviene la fiscal Mar\u00eda Eugenia Ballara.<\/p>\n","protected":false},"excerpt":{"rendered":"<p>El hecho ocurri\u00f3 el pasado 6 de marzo en la localidad correntina de Goya cuando [&hellip;]<\/p>\n","protected":false},"author":1,"featured_media":1139,"comment_status":"open","ping_status":"open","sticky":false,"template":"","format":"standard","meta":{"footnotes":""},"categories":[1],"tags":[],"_links":{"self":[{"href":"https:\/\/correntinoticias.com\/index.php\/wp-json\/wp\/v2\/posts\/1138"}],"collection":[{"href":"https:\/\/correntinoticias.com\/index.php\/wp-json\/wp\/v2\/posts"}],"about":[{"href":"https:\/\/correntinoticias.com\/index.php\/wp-json\/wp\/v2\/types\/post"}],"author":[{"embeddable":true,"href":"https:\/\/correntinoticias.com\/index.php\/wp-json\/wp\/v2\/users\/1"}],"replies":[{"embeddable":true,"href":"https:\/\/correntinoticias.com\/index.php\/wp-json\/wp\/v2\/comments?post=1138"}],"version-history":[{"count":1,"href":"https:\/\/correntinoticias.com\/index.php\/wp-json\/wp\/v2\/posts\/1138\/revisions"}],"predecessor-version":[{"id":1140,"href":"https:\/\/correntinoticias.com\/index.php\/wp-json\/wp\/v2\/posts\/1138\/revisions\/1140"}],"wp:featuredmedia":[{"embeddable":true,"href":"https:\/\/correntinoticias.com\/index.php\/wp-json\/wp\/v2\/media\/1139"}],"wp:attachment":[{"href":"https:\/\/correntinoticias.com\/index.php\/wp-json\/wp\/v2\/media?parent=1138"}],"wp:term":[{"taxonomy":"category","embeddable":true,"href":"https:\/\/correntinoticias.com\/index.php\/wp-json\/wp\/v2\/categories?post=1138"},{"taxonomy":"post_tag","embeddable":true,"href":"https:\/\/correntinoticias.com\/index.php\/wp-json\/wp\/v2\/tags?post=1138"}],"curies":[{"name":"wp","href":"https:\/\/api.w.org\/{rel}","templated":true}]}}