{"id":1106,"date":"2026-01-26T12:55:44","date_gmt":"2026-01-26T12:55:44","guid":{"rendered":"https:\/\/correntinoticias.com\/?p=1106"},"modified":"2026-01-26T12:55:44","modified_gmt":"2026-01-26T12:55:44","slug":"fiesta-nacional-del-chamame-hay-cosas-que-no-van-mas","status":"publish","type":"post","link":"https:\/\/correntinoticias.com\/index.php\/2026\/01\/26\/fiesta-nacional-del-chamame-hay-cosas-que-no-van-mas\/","title":{"rendered":"FIESTA NACIONAL DEL CHAMAM\u00c9: &#8220;HAY COSAS QUE NO VAN M\u00c1S&#8221;"},"content":{"rendered":"\n<p>Juan Pedro \u201cTopo\u201d Zubieta, m\u00fasico, compositor, estudioso y presidente de la Fundaci\u00f3n Memoria del Chamam\u00e9, dio en Radio Sudamericana sobre la edici\u00f3n que termin\u00f3 este domingo en el Anfiteatro Cocomarola. Apunt\u00f3 que \u201ccumpli\u00f3 las expectativas de los organizadores\u201d, pero aludi\u00f3 a \u201cla eterna discusi\u00f3n\u201d sobre la presencia de artistas que no son del g\u00e9nero. \u00a0<audio src=\"https:\/\/www.radiosudamericana.com\/notix\/multimedia\/audios\/2026-01-26\/127267.mp3\"><\/audio><\/p>\n\n\n\n<p>El investigador coment\u00f3 en Radio Sudamericana que la 36\u00ba Fiesta Nacional del Chamam\u00e9, 21\u00ba del Mercosur y 5\u00ba Mundial&nbsp;<strong>\u201ctuvo n\u00fameros muy importantes\u201d<\/strong>, en cuanto a la cantidad de entradas que superaron las 70.000 unidades. Resalt\u00f3 que \u201ccumpli\u00f3 con las expectativas de los organizadores\u201d, pero tambi\u00e9n destac\u00f3 que \u201chay una consolidaci\u00f3n de artistas j\u00f3venes\u201d.<\/p>\n\n\n\n<p>Record\u00f3 en este sentido que\u00a0<strong>\u201cCorrientes tiene una generaci\u00f3n de artistas muy buenos, que vienen haciendo las cosas muy bien y est\u00e1 bueno que el p\u00fablico los acompa\u00f1e\u201d<\/strong>. Hilando con esto, lo relacion\u00f3 con la \u201ceterna discusi\u00f3n\u201d sobre las presencias nacionales de artistas de otros g\u00e9neros que llegan a ser parte del evento. \u00a0\u00a0<\/p>\n\n\n\n<p>Aclar\u00f3 que Lourdes S\u00e1nchez no est\u00e1 incluida en la discusi\u00f3n, dado que \u201cella lleg\u00f3 hace poco y le toc\u00f3 organizar una fiesta muy grande en poco tiempo\u201d, pero que la disputa \u201cpasa hace m\u00e1s de 15 a\u00f1os y ac\u00e1 el tema es qu\u00e9 reciprocidad hay respecto de los artistas que vienen\u201d. Explic\u00f3 que \u201cpor ejemplo, Soledad tuvo un programa que daba espacio a artistas chamameceros y&nbsp;<strong>hay otros que solamente pasan por la fiesta y no devuelven nada<\/strong>\u201d.<\/p>\n\n\n\n<p>Critic\u00f3 algunas cuestiones que, considera, \u201cno van m\u00e1s\u201d en la Fiesta, como \u201cel chamacumbia\u201d, argumentando que \u201csi uno mira como extranjero y ve eso, se da cuenta de que no da\u201d. Puso como ejemplo lo sucedido con Los Nocheros o Los Tekis, exponiendo que \u201cla producci\u00f3n debe estar a cargo del organizador, que debe tener control de la situaci\u00f3n y prever qui\u00e9nes no pueden hacer chamam\u00e9\u201d.<\/p>\n\n\n\n<p>Afirm\u00f3 que \u201caunque no traigan artistas nacionales de otros g\u00e9neros el Cocomarola se llena igual\u201d, pero reconoci\u00f3 que \u201chay que balancear la grilla de manera tal que la gente vaya a ver porque todos sabemos a qui\u00e9nes quieren escuchar, pero hay que fortalecer lo nuestro\u201d. En el mismo plano, asever\u00f3 que \u201chay n\u00fameros que no est\u00e1n a la altura de un escenario tan importante\u201d. &nbsp;<\/p>\n","protected":false},"excerpt":{"rendered":"<p>Juan Pedro \u201cTopo\u201d Zubieta, m\u00fasico, compositor, estudioso y presidente de la Fundaci\u00f3n Memoria del Chamam\u00e9, [&hellip;]<\/p>\n","protected":false},"author":1,"featured_media":1107,"comment_status":"open","ping_status":"open","sticky":false,"template":"","format":"standard","meta":{"footnotes":""},"categories":[1],"tags":[],"_links":{"self":[{"href":"https:\/\/correntinoticias.com\/index.php\/wp-json\/wp\/v2\/posts\/1106"}],"collection":[{"href":"https:\/\/correntinoticias.com\/index.php\/wp-json\/wp\/v2\/posts"}],"about":[{"href":"https:\/\/correntinoticias.com\/index.php\/wp-json\/wp\/v2\/types\/post"}],"author":[{"embeddable":true,"href":"https:\/\/correntinoticias.com\/index.php\/wp-json\/wp\/v2\/users\/1"}],"replies":[{"embeddable":true,"href":"https:\/\/correntinoticias.com\/index.php\/wp-json\/wp\/v2\/comments?post=1106"}],"version-history":[{"count":1,"href":"https:\/\/correntinoticias.com\/index.php\/wp-json\/wp\/v2\/posts\/1106\/revisions"}],"predecessor-version":[{"id":1108,"href":"https:\/\/correntinoticias.com\/index.php\/wp-json\/wp\/v2\/posts\/1106\/revisions\/1108"}],"wp:featuredmedia":[{"embeddable":true,"href":"https:\/\/correntinoticias.com\/index.php\/wp-json\/wp\/v2\/media\/1107"}],"wp:attachment":[{"href":"https:\/\/correntinoticias.com\/index.php\/wp-json\/wp\/v2\/media?parent=1106"}],"wp:term":[{"taxonomy":"category","embeddable":true,"href":"https:\/\/correntinoticias.com\/index.php\/wp-json\/wp\/v2\/categories?post=1106"},{"taxonomy":"post_tag","embeddable":true,"href":"https:\/\/correntinoticias.com\/index.php\/wp-json\/wp\/v2\/tags?post=1106"}],"curies":[{"name":"wp","href":"https:\/\/api.w.org\/{rel}","templated":true}]}}