{"id":1100,"date":"2026-01-26T12:49:44","date_gmt":"2026-01-26T12:49:44","guid":{"rendered":"https:\/\/correntinoticias.com\/?p=1100"},"modified":"2026-01-26T12:49:45","modified_gmt":"2026-01-26T12:49:45","slug":"brasil-34-personas-resultaron-heridas-por-la-caida-de-un-rayo","status":"publish","type":"post","link":"https:\/\/correntinoticias.com\/index.php\/2026\/01\/26\/brasil-34-personas-resultaron-heridas-por-la-caida-de-un-rayo\/","title":{"rendered":"BRASIL: 34 PERSONAS RESULTARON HERIDAS POR LA CA\u00cdDA DE UN RAYO"},"content":{"rendered":"\n<p>Una tormenta el\u00e9ctrica sorprendi\u00f3 a los manifestantes que ped\u00edan la libertad del ex presidente en la Explanada de los Ministerios para exigir en la capital brasile\u00f1a<\/p>\n\n\n\n<p>Varias personas resultaron heridas este domingo por la ca\u00edda de un rayo en la plaza de Brasilia donde se concentraban simpatizantes del expresidente Jair Bolsonaro para pedir su libertad tras ser condenado por golpismo, informaron fuentes oficiales.<\/p>\n\n\n\n<p>Seg\u00fan el Cuerpo de Bomberos, citado por CNN Brasil y G1, hubo un n\u00famero no confirmado de heridos que calculan entre 15 y 34, algunos de los cuales fueron conducidos al hospital en estado grave.<\/p>\n\n\n\n<p><\/p>\n\n\n\n<p>Los manifestantes estaban cerca de la Plaza do Cruzeiro, donde estaba previsto que finalizara la marcha promovida por el diputado ultra Nikolas Ferreira en defensa del ex mandatario, condenado y preso por tramar un golpe de Estado.<\/p>\n\n\n\n<p>La jornada de este domingo ha estado marcada por las fuertes lluvias que han azotado el Distrito Federal, condiciones que, sin embargo, no han impedido que se sumaran miles de personas a la movilizaci\u00f3n.<\/p>\n\n\n\n<p>\u201cCay\u00f3 un rayo y entonces todo el mundo cay\u00f3 al suelo. No entendimos nada hasta que logramos levantarnos y ayudarnos unos a otros; hab\u00eda mucha gente corriendo. Los bomberos y los servicios m\u00e9dicos de emergencia ya estaban all\u00ed preparados, pero era demasiada gente al mismo tiempo\u201d, explic\u00f3 a G1 el comerciante Alfredo Santana.<\/p>\n\n\n\n<p>La protesta de hoy es la \u00faltima etapa de una caminata que empez\u00f3 el lunes pasado, cuando Ferreira parti\u00f3 desde Paracatu, en el interior del estado de Minas Gerais, en direcci\u00f3n a la capital brasile\u00f1a, durante la cual lo acompa\u00f1\u00f3 un grupo de seguidores y aliados del ex mandatario.<\/p>\n\n\n\n<p>El congresista, una de las voces de la extrema derecha brasile\u00f1a m\u00e1s activas en redes sociales, asegura haber recorrido unos 240 kil\u00f3metros a pie por una autopista federal.<\/p>\n\n\n\n<p>Este domingo, se le sumaron miles de personas a su paso por Brasilia, la mayor\u00eda vestidas con los colores verde y amarillo de la bandera brasile\u00f1a.<\/p>\n\n\n\n<p>Los ac\u00f3litos del l\u00edder ultraderechista exigen su libertad, despu\u00e9s de que el pasado 11 de septiembre fuera condenado a 27 a\u00f1os y 3 meses de prisi\u00f3n por \u201cliderar\u201d un complot golpista para mantenerse en el poder, tras perder las elecciones de 2022 frente al actual gobernante, Luiz In\u00e1cio Lula da Silva.<\/p>\n\n\n\n<p>Una vez agotadas las apelaciones, la corte orden\u00f3 la ejecuci\u00f3n de la sentencia a finales de noviembre, primero en un cuarto de la Superintendencia de la Polic\u00eda Federal en Brasilia y, desde el pasado 15 de enero, en un complejo penitenciario, tambi\u00e9n en la capital.<\/p>\n\n\n\n<p>Los abogados del ex jefe de Estado (2019-2022) han solicitado en diversas ocasiones la prisi\u00f3n domiciliaria de su cliente por su delicado estado de salud, pero el Supremo ha negado todos los recursos presentados hasta la fecha.<\/p>\n","protected":false},"excerpt":{"rendered":"<p>Una tormenta el\u00e9ctrica sorprendi\u00f3 a los manifestantes que ped\u00edan la libertad del ex presidente en [&hellip;]<\/p>\n","protected":false},"author":1,"featured_media":1101,"comment_status":"open","ping_status":"open","sticky":false,"template":"","format":"standard","meta":{"footnotes":""},"categories":[1],"tags":[],"_links":{"self":[{"href":"https:\/\/correntinoticias.com\/index.php\/wp-json\/wp\/v2\/posts\/1100"}],"collection":[{"href":"https:\/\/correntinoticias.com\/index.php\/wp-json\/wp\/v2\/posts"}],"about":[{"href":"https:\/\/correntinoticias.com\/index.php\/wp-json\/wp\/v2\/types\/post"}],"author":[{"embeddable":true,"href":"https:\/\/correntinoticias.com\/index.php\/wp-json\/wp\/v2\/users\/1"}],"replies":[{"embeddable":true,"href":"https:\/\/correntinoticias.com\/index.php\/wp-json\/wp\/v2\/comments?post=1100"}],"version-history":[{"count":1,"href":"https:\/\/correntinoticias.com\/index.php\/wp-json\/wp\/v2\/posts\/1100\/revisions"}],"predecessor-version":[{"id":1102,"href":"https:\/\/correntinoticias.com\/index.php\/wp-json\/wp\/v2\/posts\/1100\/revisions\/1102"}],"wp:featuredmedia":[{"embeddable":true,"href":"https:\/\/correntinoticias.com\/index.php\/wp-json\/wp\/v2\/media\/1101"}],"wp:attachment":[{"href":"https:\/\/correntinoticias.com\/index.php\/wp-json\/wp\/v2\/media?parent=1100"}],"wp:term":[{"taxonomy":"category","embeddable":true,"href":"https:\/\/correntinoticias.com\/index.php\/wp-json\/wp\/v2\/categories?post=1100"},{"taxonomy":"post_tag","embeddable":true,"href":"https:\/\/correntinoticias.com\/index.php\/wp-json\/wp\/v2\/tags?post=1100"}],"curies":[{"name":"wp","href":"https:\/\/api.w.org\/{rel}","templated":true}]}}