{"id":1095,"date":"2025-12-16T15:13:50","date_gmt":"2025-12-16T15:13:50","guid":{"rendered":"https:\/\/correntinoticias.com\/?p=1095"},"modified":"2025-12-16T15:15:30","modified_gmt":"2025-12-16T15:15:30","slug":"ratificaron-a-benegas-lynch-al-frente-de-la-comision-de-presupuesto","status":"publish","type":"post","link":"https:\/\/correntinoticias.com\/index.php\/2025\/12\/16\/ratificaron-a-benegas-lynch-al-frente-de-la-comision-de-presupuesto\/","title":{"rendered":"RATIFICARON A BENEGAS LYNCH AL FRENTE DE LA COMISI\u00d3N DE PRESUPUESTO"},"content":{"rendered":"\n<p>El oficialismo quiere dictaminar este mi\u00e9rcoles el proyecto de Presupuesto 2026.<\/p>\n\n\n\n<p>Los integrantes de la comisi\u00f3n de&nbsp;<strong>Presupuesto y Hacienda<\/strong>&nbsp;definieron este lunes la continuidad del diputado nacional de La&nbsp;<strong>Libertad Avanza&nbsp;Alberto \u201cBertie\u201d Benegas Lynch<\/strong>&nbsp;como presidente del cuerpo, y el oficialismo apura el debate para tener aprobado el proyecto de ley de Presupuesto esta misma semana.<\/p>\n\n\n\n<p><strong>La comisi\u00f3n volver\u00e1 a reunirse este martes<\/strong>&nbsp;desde el mediod\u00eda con el objetivo de dejar listo el dictamen para ser sancionado en el recinto, seg\u00fan supo la&nbsp;Agencia Noticias Argentinas.<\/p>\n\n\n\n<p><strong>LLA sienta a 20 diputados propios en la comisi\u00f3n de Presupuesto de las 49 sillas<\/strong>, pero al sumar a sus socios del&nbsp;PRO, la UCR, el MID, Innovaci\u00f3n Federal, Independencia y Elijo Catamarca&nbsp;llega a 28 firmas, por lo que no tendr\u00e1 inconveniente en avalar el dictamen de mayor\u00eda.<\/p>\n\n\n\n<p>Del lado opositor se encuentra&nbsp;<strong>Uni\u00f3n por la Patria&nbsp;con 18 integrantes<\/strong>, y la alianza&nbsp;Unidos&nbsp;(que agrupa a&nbsp;Provincias Unidas&nbsp;y otros dos bloques), que a\u00fan no defini\u00f3 a sus tres miembros en se\u00f1al de protesta por considerar insuficiente la representaci\u00f3n que le reconoci\u00f3 el oficialismo en la estrat\u00e9gica comisi\u00f3n de Presupuesto.<\/p>\n","protected":false},"excerpt":{"rendered":"<p>El oficialismo quiere dictaminar este mi\u00e9rcoles el proyecto de Presupuesto 2026. Los integrantes de la [&hellip;]<\/p>\n","protected":false},"author":1,"featured_media":1096,"comment_status":"open","ping_status":"open","sticky":false,"template":"","format":"standard","meta":{"footnotes":""},"categories":[1],"tags":[],"_links":{"self":[{"href":"https:\/\/correntinoticias.com\/index.php\/wp-json\/wp\/v2\/posts\/1095"}],"collection":[{"href":"https:\/\/correntinoticias.com\/index.php\/wp-json\/wp\/v2\/posts"}],"about":[{"href":"https:\/\/correntinoticias.com\/index.php\/wp-json\/wp\/v2\/types\/post"}],"author":[{"embeddable":true,"href":"https:\/\/correntinoticias.com\/index.php\/wp-json\/wp\/v2\/users\/1"}],"replies":[{"embeddable":true,"href":"https:\/\/correntinoticias.com\/index.php\/wp-json\/wp\/v2\/comments?post=1095"}],"version-history":[{"count":2,"href":"https:\/\/correntinoticias.com\/index.php\/wp-json\/wp\/v2\/posts\/1095\/revisions"}],"predecessor-version":[{"id":1098,"href":"https:\/\/correntinoticias.com\/index.php\/wp-json\/wp\/v2\/posts\/1095\/revisions\/1098"}],"wp:featuredmedia":[{"embeddable":true,"href":"https:\/\/correntinoticias.com\/index.php\/wp-json\/wp\/v2\/media\/1096"}],"wp:attachment":[{"href":"https:\/\/correntinoticias.com\/index.php\/wp-json\/wp\/v2\/media?parent=1095"}],"wp:term":[{"taxonomy":"category","embeddable":true,"href":"https:\/\/correntinoticias.com\/index.php\/wp-json\/wp\/v2\/categories?post=1095"},{"taxonomy":"post_tag","embeddable":true,"href":"https:\/\/correntinoticias.com\/index.php\/wp-json\/wp\/v2\/tags?post=1095"}],"curies":[{"name":"wp","href":"https:\/\/api.w.org\/{rel}","templated":true}]}}