{"id":1092,"date":"2025-12-16T15:13:07","date_gmt":"2025-12-16T15:13:07","guid":{"rendered":"https:\/\/correntinoticias.com\/?p=1092"},"modified":"2025-12-16T15:13:08","modified_gmt":"2025-12-16T15:13:08","slug":"pablo-laurta-el-autor-del-doble-femicidio-en-cordoba-ira-a-juicio","status":"publish","type":"post","link":"https:\/\/correntinoticias.com\/index.php\/2025\/12\/16\/pablo-laurta-el-autor-del-doble-femicidio-en-cordoba-ira-a-juicio\/","title":{"rendered":"PABLO LAURTA, EL AUTOR DEL DOBLE FEMICIDIO EN C\u00d3RDOBA IR\u00c1 A JUICIO"},"content":{"rendered":"\n<p>El hombre fue capturado cuando pretend\u00eda escapar a Uruguay con su hijo de seis a\u00f1os tras asesinar a las dos mujeres en C\u00f3rdoba, y a un remisero en Entre R\u00edos.<\/p>\n\n\n\n<p><strong>La&nbsp;Justicia de C\u00f3rdoba elev\u00f3 este lunes a juicio oral la causa contra Pablo Laurta<\/strong>&nbsp;por femicidio de su expareja Luna Giardina y la madre de ella, Mariel Zamudio, a quienes asesin\u00f3 de varios disparos hace dos meses en la localidad de Villa Rivera Indarte.&nbsp;<strong>Tambi\u00e9n tiene que responder&nbsp;por el crimen de un remisero&nbsp;en Entre R\u00edos.<\/strong><\/p>\n\n\n\n<p><strong>Laurta, que es de Uruguay,<\/strong>&nbsp;hab\u00eda urdido un plan para asesinar a Giardina y secuestrar al hijo de ambos, que ten\u00eda cinco a\u00f1os al momento del episodio. Para eso hab\u00eda entrado de manera ilegal a la Argentina a trav\u00e9s de Entre R\u00edos, donde adem\u00e1s&nbsp;<strong>est\u00e1 acusado de asesinar y desmembrar al remisero que lo traslad\u00f3.<\/strong><\/p>\n\n\n\n<p>Giardina hab\u00eda denunciado a Laurta\u00a0<strong>por violencia de g\u00e9nero<\/strong>\u00a0y hab\u00eda logrado volver a la Argentina con el hijo de ambos, pero manten\u00eda un contacto m\u00ednimo con el hombre y con ciertos miembros de su familia en Uruguay.<\/p>\n\n\n\n<p>A trav\u00e9s de esos lazos&nbsp;el hombre identific\u00f3 d\u00f3nde estaban la joven y el hijo de ambos y decidi\u00f3&nbsp;<strong>cruzar el r\u00edo Uruguay en kayak para luego subirse a un rem\u00eds y llegar a C\u00f3rdoba<\/strong>, donde eventualmente cometi\u00f3 el doble femicidio seguido de secuestro de un menor de edad.<\/p>\n\n\n\n<p>Conforme a la informaci\u00f3n publicada por el Ministerio P\u00fablico Fiscal (MPF), el fiscal de Instrucci\u00f3n en Violencia de G\u00e9nero y Familiar de C\u00f3rdoba,&nbsp;<strong>Gerardo Reyes<\/strong>, estableci\u00f3 que la investigaci\u00f3n vaya a debate oral y p\u00fablico.<\/p>\n\n\n\n<p>Desde hace un mes&nbsp;<strong>Laurta se encuentra&nbsp;detenido con prisi\u00f3n preventiva&nbsp;en el penal de Cruz del Eje<\/strong>, C\u00f3rdoba, a donde lleg\u00f3&nbsp;tras ser detenido en un hotel&nbsp;de Concordia, Entre R\u00edos, justo antes de que pudiera cruzar de manera ilegal a Uruguay con su hijo.<\/p>\n\n\n\n<p>Laurta est\u00e1 imputado por los&nbsp;<strong>delitos de homicidio agravado por el v\u00ednculo, alevos\u00eda, y por mediar violencia de g\u00e9nero<\/strong>; amenazas, violaci\u00f3n de domicilio y desobediencia de autoridad contra su expareja y su exsuegra.<\/p>\n\n\n\n<p>Mientras tanto, en la provincia de Entre R\u00edos avanza la causa por el crimen del remisero Mat\u00edas Sebasti\u00e1n Palacio, a quien Laurta&nbsp;<strong>habr\u00eda asesinado en la ciudad de Concordia<\/strong>&nbsp;para luego arrojar su cuerpo por partes en una ruta camino al puerto donde pensaba cruzar el r\u00edo Uruguay.<\/p>\n","protected":false},"excerpt":{"rendered":"<p>El hombre fue capturado cuando pretend\u00eda escapar a Uruguay con su hijo de seis a\u00f1os [&hellip;]<\/p>\n","protected":false},"author":1,"featured_media":1093,"comment_status":"open","ping_status":"open","sticky":false,"template":"","format":"standard","meta":{"footnotes":""},"categories":[1],"tags":[],"_links":{"self":[{"href":"https:\/\/correntinoticias.com\/index.php\/wp-json\/wp\/v2\/posts\/1092"}],"collection":[{"href":"https:\/\/correntinoticias.com\/index.php\/wp-json\/wp\/v2\/posts"}],"about":[{"href":"https:\/\/correntinoticias.com\/index.php\/wp-json\/wp\/v2\/types\/post"}],"author":[{"embeddable":true,"href":"https:\/\/correntinoticias.com\/index.php\/wp-json\/wp\/v2\/users\/1"}],"replies":[{"embeddable":true,"href":"https:\/\/correntinoticias.com\/index.php\/wp-json\/wp\/v2\/comments?post=1092"}],"version-history":[{"count":1,"href":"https:\/\/correntinoticias.com\/index.php\/wp-json\/wp\/v2\/posts\/1092\/revisions"}],"predecessor-version":[{"id":1094,"href":"https:\/\/correntinoticias.com\/index.php\/wp-json\/wp\/v2\/posts\/1092\/revisions\/1094"}],"wp:featuredmedia":[{"embeddable":true,"href":"https:\/\/correntinoticias.com\/index.php\/wp-json\/wp\/v2\/media\/1093"}],"wp:attachment":[{"href":"https:\/\/correntinoticias.com\/index.php\/wp-json\/wp\/v2\/media?parent=1092"}],"wp:term":[{"taxonomy":"category","embeddable":true,"href":"https:\/\/correntinoticias.com\/index.php\/wp-json\/wp\/v2\/categories?post=1092"},{"taxonomy":"post_tag","embeddable":true,"href":"https:\/\/correntinoticias.com\/index.php\/wp-json\/wp\/v2\/tags?post=1092"}],"curies":[{"name":"wp","href":"https:\/\/api.w.org\/{rel}","templated":true}]}}