{"id":1085,"date":"2025-12-16T15:07:39","date_gmt":"2025-12-16T15:07:39","guid":{"rendered":"https:\/\/correntinoticias.com\/?p=1085"},"modified":"2025-12-16T15:07:40","modified_gmt":"2025-12-16T15:07:40","slug":"pidieron-la-detencion-del-joven-que-dejo-embarazada-a-una-nena-wichi-de-12-anos","status":"publish","type":"post","link":"https:\/\/correntinoticias.com\/index.php\/2025\/12\/16\/pidieron-la-detencion-del-joven-que-dejo-embarazada-a-una-nena-wichi-de-12-anos\/","title":{"rendered":"PIDIERON LA DETENCI\u00d3N DEL JOVEN QUE DEJ\u00d3 EMBARAZADA A UNA NENA WICH\u00cd DE 12 A\u00d1OS"},"content":{"rendered":"\n<p>Hab\u00edan presentado una denuncia por abuso sexual. El acusado hab\u00eda dicho que era menor, pero tiene 19 a\u00f1os.<\/p>\n\n\n\n<p>Pidieron la\u00a0<strong>detenci\u00f3n<\/strong>\u00a0del acusado de\u00a0<strong>haber dejado embarazada a una nena wich\u00ed de 12 a\u00f1os<\/strong>\u00a0en\u00a0Tartagal, Salta, tras confirmarse que\u00a0<strong>tiene 19 a\u00f1os<\/strong>.\u00a0Esta semana,\u00a0<strong>la menor\u00a0se encaden\u00f3 a la Ciudad Judicial\u00a0por miedo a que la obligaran a interrumpir su embarazo de cinco meses.<\/strong><\/p>\n\n\n\n<p>El caso es investigado como<strong>&nbsp;abuso sexual con acceso carnal<\/strong>. La Fiscal\u00eda de Violencia Familiar y de G\u00e9nero aclar\u00f3 que&nbsp;<strong>el sospechoso<\/strong>, que&nbsp;<strong>es sobrino de la pareja actual del padre de la v\u00edctima<\/strong>,&nbsp;no tiene 14 a\u00f1os, como se dijo en un primer momento.<\/p>\n\n\n\n<p>Seg\u00fan inform\u00f3&nbsp;Salta 12, el 27 de noviembre la fiscal&nbsp;Lorena Mart\u00ednez, a cargo de la causa, corrigi\u00f3 la car\u00e1tula y&nbsp;pidi\u00f3 el arresto del acusado&nbsp;que est\u00e1 pr\u00f3fugo.<\/p>\n\n\n\n<p>Cuando fue citado por la fiscal\u00eda, el padre dijo que&nbsp;<strong>su hija ten\u00eda una&nbsp;relaci\u00f3n \u201cconsentida\u201d con el sospechoso<\/strong>&nbsp;y confirm\u00f3 el embarazo. Sin embargo, desde el Ministerio P\u00fablico Fiscal recordaron que&nbsp;cualquier&nbsp;<strong>relaci\u00f3n sexual con menores de 13 a\u00f1os es considerada abuso.<\/strong><\/p>\n\n\n\n<p>Desde el Hospital Juan Domingo Per\u00f3n de Tartagal informaron que la nena asisti\u00f3 a controles prenatales y que se le explic\u00f3 su&nbsp;derecho a interrumpir el embarazo, que ella rechaz\u00f3 en dos ocasiones.<\/p>\n\n\n\n<p>En esta causa intervienen la Asesor\u00eda General de Incapaces, la Secretar\u00eda de Primera Infancia, la Secretar\u00eda de Asuntos Ind\u00edgenas y la Defensor\u00eda de Violencia Familiar y de G\u00e9nero.<\/p>\n","protected":false},"excerpt":{"rendered":"<p>Hab\u00edan presentado una denuncia por abuso sexual. El acusado hab\u00eda dicho que era menor, pero [&hellip;]<\/p>\n","protected":false},"author":1,"featured_media":1086,"comment_status":"open","ping_status":"open","sticky":false,"template":"","format":"standard","meta":{"footnotes":""},"categories":[1],"tags":[],"_links":{"self":[{"href":"https:\/\/correntinoticias.com\/index.php\/wp-json\/wp\/v2\/posts\/1085"}],"collection":[{"href":"https:\/\/correntinoticias.com\/index.php\/wp-json\/wp\/v2\/posts"}],"about":[{"href":"https:\/\/correntinoticias.com\/index.php\/wp-json\/wp\/v2\/types\/post"}],"author":[{"embeddable":true,"href":"https:\/\/correntinoticias.com\/index.php\/wp-json\/wp\/v2\/users\/1"}],"replies":[{"embeddable":true,"href":"https:\/\/correntinoticias.com\/index.php\/wp-json\/wp\/v2\/comments?post=1085"}],"version-history":[{"count":1,"href":"https:\/\/correntinoticias.com\/index.php\/wp-json\/wp\/v2\/posts\/1085\/revisions"}],"predecessor-version":[{"id":1087,"href":"https:\/\/correntinoticias.com\/index.php\/wp-json\/wp\/v2\/posts\/1085\/revisions\/1087"}],"wp:featuredmedia":[{"embeddable":true,"href":"https:\/\/correntinoticias.com\/index.php\/wp-json\/wp\/v2\/media\/1086"}],"wp:attachment":[{"href":"https:\/\/correntinoticias.com\/index.php\/wp-json\/wp\/v2\/media?parent=1085"}],"wp:term":[{"taxonomy":"category","embeddable":true,"href":"https:\/\/correntinoticias.com\/index.php\/wp-json\/wp\/v2\/categories?post=1085"},{"taxonomy":"post_tag","embeddable":true,"href":"https:\/\/correntinoticias.com\/index.php\/wp-json\/wp\/v2\/tags?post=1085"}],"curies":[{"name":"wp","href":"https:\/\/api.w.org\/{rel}","templated":true}]}}