{"id":1033,"date":"2025-09-17T14:45:27","date_gmt":"2025-09-17T14:45:27","guid":{"rendered":"https:\/\/correntinoticias.com\/?p=1033"},"modified":"2025-09-17T14:45:27","modified_gmt":"2025-09-17T14:45:27","slug":"santo-tome-hallaron-muerto-al-hombre-que-estaba-desaparecido","status":"publish","type":"post","link":"https:\/\/correntinoticias.com\/index.php\/2025\/09\/17\/santo-tome-hallaron-muerto-al-hombre-que-estaba-desaparecido\/","title":{"rendered":"SANTO TOM\u00c9: HALLARON MUERTO AL HOMBRE QUE ESTABA DESAPARECIDO"},"content":{"rendered":"\n<p>El cuerpo de Alberto Camargo, de 55 a\u00f1os, fue encontrado sin vida en una zona rural de Santo Tom\u00e9. Estaba desaparecido desde el 26 de agosto y su hallazgo se produjo tras una intensa b\u00fasqueda policial. Las causas del deceso se determinar\u00e1n mediante autopsia.<\/p>\n\n\n\n<p>En la ma\u00f1ana de este marte, fue encontrado el cuerpo sin vida de Alberto Camargo, de 55 a\u00f1os, quien se encontraba desaparecido desde el pasado 26 de agosto, seg\u00fan la denuncia radicada oportunamente por una persona de apellido Jani.<\/p>\n\n\n\n<p>El hallazgo se produjo en una zona rural del departamento de Santo Tom\u00e9, tras una intensa b\u00fasqueda realizada por distintas \u00e1reas de la Polic\u00eda de Corrientes. Seg\u00fan los primeros informes,&nbsp;<strong>el cuerpo se encontraba en estado de descomposici\u00f3n y sin aparentes signos de violencia, aunque se desconocen otras circunstancias que a\u00fan son objeto de investigaci\u00f3n.<\/strong><\/p>\n\n\n\n<p>Por disposici\u00f3n de las autoridades judiciales, el cuerpo fue trasladado a la morgue judicial para la realizaci\u00f3n de la autopsia correspondiente, que determinar\u00e1 las causas fehacientes del deceso. Paralelamente, en la comisar\u00eda local contin\u00faan las diligencias con conocimiento de las autoridades judiciales intervinientes.<\/p>\n\n\n\n<p>Este caso hab\u00eda generado gran preocupaci\u00f3n en la comunidad, debido a la prolongada ausencia de Camargo y la b\u00fasqueda desplegada durante las \u00faltimas semanas.<\/p>\n","protected":false},"excerpt":{"rendered":"<p>El cuerpo de Alberto Camargo, de 55 a\u00f1os, fue encontrado sin vida en una zona [&hellip;]<\/p>\n","protected":false},"author":1,"featured_media":1034,"comment_status":"open","ping_status":"open","sticky":false,"template":"","format":"standard","meta":{"footnotes":""},"categories":[1],"tags":[],"_links":{"self":[{"href":"https:\/\/correntinoticias.com\/index.php\/wp-json\/wp\/v2\/posts\/1033"}],"collection":[{"href":"https:\/\/correntinoticias.com\/index.php\/wp-json\/wp\/v2\/posts"}],"about":[{"href":"https:\/\/correntinoticias.com\/index.php\/wp-json\/wp\/v2\/types\/post"}],"author":[{"embeddable":true,"href":"https:\/\/correntinoticias.com\/index.php\/wp-json\/wp\/v2\/users\/1"}],"replies":[{"embeddable":true,"href":"https:\/\/correntinoticias.com\/index.php\/wp-json\/wp\/v2\/comments?post=1033"}],"version-history":[{"count":1,"href":"https:\/\/correntinoticias.com\/index.php\/wp-json\/wp\/v2\/posts\/1033\/revisions"}],"predecessor-version":[{"id":1035,"href":"https:\/\/correntinoticias.com\/index.php\/wp-json\/wp\/v2\/posts\/1033\/revisions\/1035"}],"wp:featuredmedia":[{"embeddable":true,"href":"https:\/\/correntinoticias.com\/index.php\/wp-json\/wp\/v2\/media\/1034"}],"wp:attachment":[{"href":"https:\/\/correntinoticias.com\/index.php\/wp-json\/wp\/v2\/media?parent=1033"}],"wp:term":[{"taxonomy":"category","embeddable":true,"href":"https:\/\/correntinoticias.com\/index.php\/wp-json\/wp\/v2\/categories?post=1033"},{"taxonomy":"post_tag","embeddable":true,"href":"https:\/\/correntinoticias.com\/index.php\/wp-json\/wp\/v2\/tags?post=1033"}],"curies":[{"name":"wp","href":"https:\/\/api.w.org\/{rel}","templated":true}]}}