{"id":1030,"date":"2025-09-17T14:44:46","date_gmt":"2025-09-17T14:44:46","guid":{"rendered":"https:\/\/correntinoticias.com\/?p=1030"},"modified":"2025-09-17T14:44:46","modified_gmt":"2025-09-17T14:44:46","slug":"javier-milei-en-la-cpac-en-paraguay-los-salarios-hoy-estan-en-torno-a-los-1100-o-1200-dolares","status":"publish","type":"post","link":"https:\/\/correntinoticias.com\/index.php\/2025\/09\/17\/javier-milei-en-la-cpac-en-paraguay-los-salarios-hoy-estan-en-torno-a-los-1100-o-1200-dolares\/","title":{"rendered":"JAVIER MILEI EN LA CPAC EN PARAGUAY: &#8220;LOS SALARIOS HOY EST\u00c1N EN TORNO A LOS 1100, O 1200 D\u00d3LARES&#8221;"},"content":{"rendered":"\n<p>El presidente se reunir\u00e1 con su par paraguayo, Santiago Pe\u00f1a, y participar\u00e1 de una nueva edici\u00f3n de la Conferencia de Acci\u00f3n Pol\u00edtica Conservadora (CPAC).<\/p>\n\n\n\n<p>En la reuni\u00f3n de la\u00a0<strong>Conferencia de Acci\u00f3n Pol\u00edtica Conservadora<\/strong>\u00a0(CPAC), en\u00a0<strong>Paraguay<\/strong>, el presidente\u00a0<strong>Javier MIlei\u00a0<\/strong>confirm\u00f3 que no cambiar\u00e1 el rumbo de su gesti\u00f3n al se\u00f1alar que\u00a0<strong>&#8220;no hay una opci\u00f3n moderada entre el super\u00e1vit y el d\u00e9ficit&#8221;<\/strong>.<\/p>\n\n\n\n<p><strong>&#8220;No hay tercera v\u00eda entre un Estado abocado a sus funciones esenciales y uno que hace un mont\u00f3n de cosas y las hace mal.&nbsp;No hay cambio a medias&#8221;<\/strong>, lanz\u00f3. Y Remat\u00f3: &#8220;O hacemos las reformas profundas que se necesitan o nos quedamos a medio camino&nbsp;y nos volvemos a desilusionar&#8221;.<\/p>\n\n\n\n<p>Milei record\u00f3 el momento en que tom\u00f3 la decisi\u00f3n de levantar el cepo. &#8220;Dec\u00edan que no lo \u00edbamos a hacer porque b\u00e1sicamente era un a\u00f1o electoral, y que no hab\u00eda porqu\u00e9 correr este riesgo&#8221;, afirm\u00f3. Y agreg\u00f3:&nbsp;<strong>&#8220;Cuando nosotros conseguimos el financiamiento que nos daba tranquilidad sobre el balance del Banco Central, b\u00e1sicamente nosotros decidimos quitar el cepo, porque&nbsp;no se negocia con el mal&#8221;<\/strong>.<\/p>\n\n\n\n<p>Al principio del discurso sostuvo que las pol\u00edticas del Gobierno est\u00e1 basada &#8220;en criterios morales&#8221; y que &#8220;el norte&#8221; de su gesti\u00f3n es que Argentina&nbsp;<strong>&#8220;se convierta en el pa\u00eds m\u00e1s libre del mundo, porque eso traer\u00e1 prosperidad&#8221;<\/strong>.<\/p>\n\n\n\n<p>El mandatario arranc\u00f3 su su discurso con el cl\u00e1sico &#8220;Hola a todos&#8221; (aunque con \u00e9nfasis algo m\u00e1s moderado que en otras oportunidades) y su primer punto fue un reivindicaci\u00f3n del activista\u00a0<strong>Charlie Kirk<\/strong>, asesinado en Estados Unidos. El encuentro de derechistas en Asunci\u00f3n pareci\u00f3 un contexto adecuado.<\/p>\n\n\n\n<p>El Presidente puso como ejemplo a Paraguay de la pol\u00edticas econ\u00f3micas que \u00e9l defiende. Elogi\u00f3 al pa\u00eds vecino por haber bajado la inflaci\u00f3n y por sus niveles de crecimiento econ\u00f3mico y dijo que en los \u00faltimos a\u00f1os Argentina &#8220;hizo todo lo opuesto&#8221;.<\/p>\n\n\n\n<p>Milei habl\u00f3 adem\u00e1s de un &#8220;marco moral&#8221; a la hora de tomar decisiones, porque en esas circunstancias &#8220;no hay grises&#8221;.<\/p>\n\n\n\n<p>&#8220;Las cosas que est\u00e1n bien, est\u00e1n bien, y las cosas que est\u00e1n mal, est\u00e1n mal&#8221;, plante\u00f3 el mandatario, a tono con su habitual concepci\u00f3n binaria de la pol\u00edtica y la econom\u00eda.<\/p>\n\n\n\n<p>Al hablar sobre los controles de cambio en el gobierno anterior habl\u00f3 del &#8220;aparato represivo del Estado&#8221; y hasta defendi\u00f3 a &#8220;los llamados&nbsp;arbolitos, que eran perseguidos por la Polic\u00eda&#8221;.<\/p>\n\n\n\n<p>Volvi\u00f3 a hablar de un aumento de los salarios en d\u00f3lares en Argentina:<strong>&nbsp;&#8220;Cuando llegamos, los salarios estaban en torno a los 300 d\u00f3lares y hoy est\u00e1n en torno a los 1100, o 1200 d\u00f3lares&#8221;<\/strong>.<\/p>\n\n\n\n<p>Repiti\u00f3 que el d\u00e9ficit fiscal es &#8220;la ra\u00edz de todos los males&#8221;. Y destac\u00f3 que La Libertad Avanza intenta llenar el Congreso de &#8220;liberales puros&#8221;. Lo hizo al mencionar que&nbsp;Joaqu\u00edn Benegas Lynch&nbsp;es candidato a senador por la provincia de Entre R\u00edos.<\/p>\n","protected":false},"excerpt":{"rendered":"<p>El presidente se reunir\u00e1 con su par paraguayo, Santiago Pe\u00f1a, y participar\u00e1 de una nueva [&hellip;]<\/p>\n","protected":false},"author":1,"featured_media":1031,"comment_status":"open","ping_status":"open","sticky":false,"template":"","format":"standard","meta":{"footnotes":""},"categories":[1],"tags":[],"_links":{"self":[{"href":"https:\/\/correntinoticias.com\/index.php\/wp-json\/wp\/v2\/posts\/1030"}],"collection":[{"href":"https:\/\/correntinoticias.com\/index.php\/wp-json\/wp\/v2\/posts"}],"about":[{"href":"https:\/\/correntinoticias.com\/index.php\/wp-json\/wp\/v2\/types\/post"}],"author":[{"embeddable":true,"href":"https:\/\/correntinoticias.com\/index.php\/wp-json\/wp\/v2\/users\/1"}],"replies":[{"embeddable":true,"href":"https:\/\/correntinoticias.com\/index.php\/wp-json\/wp\/v2\/comments?post=1030"}],"version-history":[{"count":1,"href":"https:\/\/correntinoticias.com\/index.php\/wp-json\/wp\/v2\/posts\/1030\/revisions"}],"predecessor-version":[{"id":1032,"href":"https:\/\/correntinoticias.com\/index.php\/wp-json\/wp\/v2\/posts\/1030\/revisions\/1032"}],"wp:featuredmedia":[{"embeddable":true,"href":"https:\/\/correntinoticias.com\/index.php\/wp-json\/wp\/v2\/media\/1031"}],"wp:attachment":[{"href":"https:\/\/correntinoticias.com\/index.php\/wp-json\/wp\/v2\/media?parent=1030"}],"wp:term":[{"taxonomy":"category","embeddable":true,"href":"https:\/\/correntinoticias.com\/index.php\/wp-json\/wp\/v2\/categories?post=1030"},{"taxonomy":"post_tag","embeddable":true,"href":"https:\/\/correntinoticias.com\/index.php\/wp-json\/wp\/v2\/tags?post=1030"}],"curies":[{"name":"wp","href":"https:\/\/api.w.org\/{rel}","templated":true}]}}