{"id":1027,"date":"2025-09-17T14:43:52","date_gmt":"2025-09-17T14:43:52","guid":{"rendered":"https:\/\/correntinoticias.com\/?p=1027"},"modified":"2025-09-17T14:43:52","modified_gmt":"2025-09-17T14:43:52","slug":"jair-bolsonaro-fue-hospitalizado-de-urgencia-tras-sufrir-una-descompensacion","status":"publish","type":"post","link":"https:\/\/correntinoticias.com\/index.php\/2025\/09\/17\/jair-bolsonaro-fue-hospitalizado-de-urgencia-tras-sufrir-una-descompensacion\/","title":{"rendered":"JAIR BOLSONARO FUE HOSPITALIZADO DE URGENCIA TRAS SUFRIR UNA DESCOMPENSACI\u00d3N"},"content":{"rendered":"\n<p>Uno de sus hijos dijo que tuvo una fuerte crisis de \u201chipo, v\u00f3mito y presi\u00f3n baja\u201d. La semana pasada el expresidente de Brasil fue condenado a 27 a\u00f1os de prisi\u00f3n por golpismo.<\/p>\n\n\n\n<p>El expresidente brasile\u00f1o&nbsp;Jair Bolsonaro,&nbsp;condenado&nbsp;la semana pasada por&nbsp;golpismo, sali\u00f3 este martes de su prisi\u00f3n domiciliaria para ingresar al hospital tras \u201csentirse mal\u201d. Lo inform\u00f3 uno de sus hijos en&nbsp;X.<\/p>\n\n\n\n<p>El l\u00edder de extrema derecha \u201cse sinti\u00f3 mal hace poco, con fuerte crisis de hipo, v\u00f3mito y presi\u00f3n baja\u201d. Fue al hospital por \u201ctratarse de una&nbsp;emergencia\u201d, indic\u00f3 el senador Fl\u00e1vio Bolsonaro.<\/p>\n\n\n\n<p>Jair Bolsonaro fue condenado la semana pasada a\u00a027 a\u00f1os de prisi\u00f3n\u00a0por intento de golpe de Estado, en un juicio hist\u00f3rico ante la corte suprema.<\/p>\n\n\n\n<h2 class=\"wp-block-heading\"><strong>Qu\u00e9 le pas\u00f3 a Jair Bolsonaro<\/strong><\/h2>\n\n\n\n<p>Seg\u00fan&nbsp;OGlobo, Bolsonaro fue acompa\u00f1ado por polic\u00edas que custodian su residencia de Brasilia donde cumple prisi\u00f3n domiciliaria y por su esposa, Michelle.<\/p>\n\n\n\n<p>El jefe del equipo m\u00e9dico del expresidente,&nbsp;Claudio Birolini, dijo que decidi\u00f3 su internaci\u00f3n para realizar una \u201cevaluaci\u00f3n cl\u00ednica, medidas terap\u00e9uticas y ex\u00e1menes complementarios\u201d.<\/p>\n\n\n\n<p>\u201cEl expresidente Jair Bolsonaro present\u00f3 en la tarde de hoy un cuadro de malestar, ca\u00edda de presi\u00f3n arterial y v\u00f3mitos. Solicit\u00e9 que sea llevado al Hospital DF Star \u00e1ra evaluaci\u00f3n cl\u00ednicas, medidas terap\u00e9uticas y ex\u00e1menes complementarios\u201d, dijo Birolini en un comunicado.<\/p>\n\n\n\n<p>Bolsonaro estuvo en el hospital el domingo cuando se someti\u00f3 a una serie de ex\u00e1menes m\u00e9dicos. El bolet\u00edn divulgado tras el alta mencion\u00f3 un cuadro de \u201canemia\u201d. La tomograf\u00eda mostr\u00f3 una imagen residual de una neumon\u00eda reciente, record\u00f3&nbsp;OGlobo.<\/p>\n\n\n\n<p>Esa fue la primera vez que Bolsonaro, de 70 a\u00f1os, abandon\u00f3 su casa tras la condena del Tribunal Superior de Justicia a 27 a\u00f1os de prisi\u00f3n por golpismo.<\/p>\n\n\n\n<p>El expresidente sufre de un cuadro de hipos frecuentes que le llegan a provocar v\u00f3mitos. Seg\u00fan informes m\u00e9dicos, es una secuela del ataque a cuchillazos que sufri\u00f3 durante la campa\u00f1a electoral de 2018.<\/p>\n\n\n\n<p>Se espera que la justicia, a ra\u00edz de este cuadro, le permita cumplir la condena de prisi\u00f3n en su casa de Brasilia.<\/p>\n","protected":false},"excerpt":{"rendered":"<p>Uno de sus hijos dijo que tuvo una fuerte crisis de \u201chipo, v\u00f3mito y presi\u00f3n [&hellip;]<\/p>\n","protected":false},"author":1,"featured_media":1028,"comment_status":"open","ping_status":"open","sticky":false,"template":"","format":"standard","meta":{"footnotes":""},"categories":[1],"tags":[],"_links":{"self":[{"href":"https:\/\/correntinoticias.com\/index.php\/wp-json\/wp\/v2\/posts\/1027"}],"collection":[{"href":"https:\/\/correntinoticias.com\/index.php\/wp-json\/wp\/v2\/posts"}],"about":[{"href":"https:\/\/correntinoticias.com\/index.php\/wp-json\/wp\/v2\/types\/post"}],"author":[{"embeddable":true,"href":"https:\/\/correntinoticias.com\/index.php\/wp-json\/wp\/v2\/users\/1"}],"replies":[{"embeddable":true,"href":"https:\/\/correntinoticias.com\/index.php\/wp-json\/wp\/v2\/comments?post=1027"}],"version-history":[{"count":1,"href":"https:\/\/correntinoticias.com\/index.php\/wp-json\/wp\/v2\/posts\/1027\/revisions"}],"predecessor-version":[{"id":1029,"href":"https:\/\/correntinoticias.com\/index.php\/wp-json\/wp\/v2\/posts\/1027\/revisions\/1029"}],"wp:featuredmedia":[{"embeddable":true,"href":"https:\/\/correntinoticias.com\/index.php\/wp-json\/wp\/v2\/media\/1028"}],"wp:attachment":[{"href":"https:\/\/correntinoticias.com\/index.php\/wp-json\/wp\/v2\/media?parent=1027"}],"wp:term":[{"taxonomy":"category","embeddable":true,"href":"https:\/\/correntinoticias.com\/index.php\/wp-json\/wp\/v2\/categories?post=1027"},{"taxonomy":"post_tag","embeddable":true,"href":"https:\/\/correntinoticias.com\/index.php\/wp-json\/wp\/v2\/tags?post=1027"}],"curies":[{"name":"wp","href":"https:\/\/api.w.org\/{rel}","templated":true}]}}