{"id":1021,"date":"2025-09-17T14:41:16","date_gmt":"2025-09-17T14:41:16","guid":{"rendered":"https:\/\/correntinoticias.com\/?p=1021"},"modified":"2025-09-17T14:41:17","modified_gmt":"2025-09-17T14:41:17","slug":"san-lorenzo-renuncio-la-comision-y-moretti-ya-no-esta-a-cargo-del-club","status":"publish","type":"post","link":"https:\/\/correntinoticias.com\/index.php\/2025\/09\/17\/san-lorenzo-renuncio-la-comision-y-moretti-ya-no-esta-a-cargo-del-club\/","title":{"rendered":"SAN LORENZO: RENUNCI\u00d3 LA COMISI\u00d3N Y MORETTI YA NO EST\u00c1 A CARGO DEL CLUB"},"content":{"rendered":"\n<p>El presidente del Cicl\u00f3n regres\u00f3 de su licencia y revolucion\u00f3 los \u00e1nimos en la instituci\u00f3n. \u00a0<\/p>\n\n\n\n<p>Este martes,&nbsp;San Lorenzo&nbsp;tuvo una reuni\u00f3n clave para su futuro:&nbsp;renunci\u00f3 m\u00e1s de la mitad de los integrantes de la Comisi\u00f3n Directiva y se declar\u00f3 la acefal\u00eda.&nbsp;De esta manera,&nbsp;Marcelo Moretti&nbsp;ya no est\u00e1 a cargo del club. El expresidente del Cicl\u00f3n no estuvo presente.<\/p>\n\n\n\n<p>Para que se concretara este escenario,\u00a0al menos 11 dirigentes del Cicl\u00f3n deb\u00edan dejar su cargo por voluntad propia,\u00a0teniendo en cuenta que son 20 los integrantes de la CD<\/p>\n\n\n\n<p>Confirmada la acefal\u00eda, el Cicl\u00f3n deber\u00e1 decidir entre dos opciones:\u00a0armar una Asamblea Extraordinaria para definir los pasos a seguir o llamar a elecciones y que sus socios elegir\u00e1n nuevamente a sus representantes<\/p>\n\n\n\n<p>En caso de optar por una Asamblea Extraordinaria, los asamble\u00edstas deber\u00e1n elegir un integrante de la CD para que comande al club y podr\u00eda seguir hasta final de mandato, en diciembre de 2027, o llamar a elecciones.<\/p>\n\n\n\n<p>En medio de este contexto,\u00a0un grupo de hinchas intent\u00f3 meterse al estadio donde se llev\u00f3 a cabo la reuni\u00f3n, con el argumento de que barrabravas dentro del club.<\/p>\n\n\n\n<p>Adem\u00e1s, uno de los dirigentes intent\u00f3 ingresar al Nuevo Gas\u00f3metro para estar presente en la reuni\u00f3n, pero los fan\u00e1ticos&nbsp;golpearon su auto y lo obligaron a retirarse al grito de \u201cRenunci\u00e1\u201d.<\/p>\n\n\n\n<p>De esta manera, se espera el comunicado de San Lorenzo para informar a sus socios e hinchas y determinar qu\u00e9 va a pasar con la conducci\u00f3n del club.<\/p>\n","protected":false},"excerpt":{"rendered":"<p>El presidente del Cicl\u00f3n regres\u00f3 de su licencia y revolucion\u00f3 los \u00e1nimos en la instituci\u00f3n. [&hellip;]<\/p>\n","protected":false},"author":1,"featured_media":1022,"comment_status":"open","ping_status":"open","sticky":false,"template":"","format":"standard","meta":{"footnotes":""},"categories":[1],"tags":[],"_links":{"self":[{"href":"https:\/\/correntinoticias.com\/index.php\/wp-json\/wp\/v2\/posts\/1021"}],"collection":[{"href":"https:\/\/correntinoticias.com\/index.php\/wp-json\/wp\/v2\/posts"}],"about":[{"href":"https:\/\/correntinoticias.com\/index.php\/wp-json\/wp\/v2\/types\/post"}],"author":[{"embeddable":true,"href":"https:\/\/correntinoticias.com\/index.php\/wp-json\/wp\/v2\/users\/1"}],"replies":[{"embeddable":true,"href":"https:\/\/correntinoticias.com\/index.php\/wp-json\/wp\/v2\/comments?post=1021"}],"version-history":[{"count":1,"href":"https:\/\/correntinoticias.com\/index.php\/wp-json\/wp\/v2\/posts\/1021\/revisions"}],"predecessor-version":[{"id":1023,"href":"https:\/\/correntinoticias.com\/index.php\/wp-json\/wp\/v2\/posts\/1021\/revisions\/1023"}],"wp:featuredmedia":[{"embeddable":true,"href":"https:\/\/correntinoticias.com\/index.php\/wp-json\/wp\/v2\/media\/1022"}],"wp:attachment":[{"href":"https:\/\/correntinoticias.com\/index.php\/wp-json\/wp\/v2\/media?parent=1021"}],"wp:term":[{"taxonomy":"category","embeddable":true,"href":"https:\/\/correntinoticias.com\/index.php\/wp-json\/wp\/v2\/categories?post=1021"},{"taxonomy":"post_tag","embeddable":true,"href":"https:\/\/correntinoticias.com\/index.php\/wp-json\/wp\/v2\/tags?post=1021"}],"curies":[{"name":"wp","href":"https:\/\/api.w.org\/{rel}","templated":true}]}}