{"id":1018,"date":"2025-09-17T14:40:21","date_gmt":"2025-09-17T14:40:21","guid":{"rendered":"https:\/\/correntinoticias.com\/?p=1018"},"modified":"2025-09-17T14:40:21","modified_gmt":"2025-09-17T14:40:21","slug":"un-policia-acusado-de-femicidio-intenta-culpar-a-su-hijo-de-4-anos-para-evitar-la-perpetua","status":"publish","type":"post","link":"https:\/\/correntinoticias.com\/index.php\/2025\/09\/17\/un-policia-acusado-de-femicidio-intenta-culpar-a-su-hijo-de-4-anos-para-evitar-la-perpetua\/","title":{"rendered":"UN POLIC\u00cdA ACUSADO DE FEMICIDIO INTENTA CULPAR A SU HIJO DE 4 A\u00d1OS PARA EVITAR LA PERPETUA"},"content":{"rendered":"\n<p>Empez\u00f3 el juicio por el crimen de Valeria Ram\u00edrez en Mendoza. La defensa de Franco Cuello insiste en que fue un accidente dom\u00e9stico.<\/p>\n\n\n\n<p>Este lunes empez\u00f3 el juicio por jurado que definir\u00e1 el futuro de\u00a0Franco Nicol\u00e1s Cuello, el polic\u00eda del Grupo Especial de Seguridad (GES) acusado de matar de\u00a0un disparo en la cara\u00a0a su pareja,\u00a0Valeria Noem\u00ed Ram\u00edrez, en noviembre de 2022 en Mendoza<\/p>\n\n\n\n<p>El debate se lleva adelante en el Polo Judicial Penal de esa provincia, bajo la mirada del juez t\u00e9cnico Alejandro Jos\u00e9 Miguel y con la participaci\u00f3n de 12 jurados populares que tendr\u00e1n la \u00faltima palabra:&nbsp;<strong>decidir si Cuello es culpable de&nbsp;homicidio doblemente agravado por el v\u00ednculo y por mediar violencia de g\u00e9nero, un delito que prev\u00e9 la prisi\u00f3n perpetua.<\/strong><\/p>\n\n\n\n<h2 class=\"wp-block-heading\"><strong>La reconstrucci\u00f3n del crimen y la versi\u00f3n de la fiscal\u00eda<\/strong><\/h2>\n\n\n\n<p>Durante los alegatos de apertura, el jefe de la Unidad Fiscal de Homicidios, Fernando Guzzo, reconstruy\u00f3 la noche del&nbsp;25 de noviembre de 2022. Seg\u00fan la acusaci\u00f3n,&nbsp;<strong>Valeria Ram\u00edrez, madre de dos hijos peque\u00f1os, estaba sentada al pie de la cama en su habitaci\u00f3n cuando Cuello le dispar\u00f3 a quemarropa.<\/strong><\/p>\n\n\n\n<p>El proyectil calibre 9 mil\u00edmetros&nbsp;ingres\u00f3 por la nariz&nbsp;de la mujer, sali\u00f3 por el p\u00f3mulo y atraves\u00f3 el t\u00f3rax,&nbsp;destrozando varios \u00f3rganos&nbsp;vitales a su paso. Valeria&nbsp;muri\u00f3 horas despu\u00e9s&nbsp;en el Hospital Central.<\/p>\n\n\n\n<p>\u201cNo existe duda sobre la autor\u00eda.&nbsp;Las pruebas son claras&nbsp;y van a demostrar que se trat\u00f3 de un femicidio cometido en el marco de una relaci\u00f3n de violencia de g\u00e9nero\u201d, sostuvo Guzzo ante el jurado.<\/p>\n\n\n\n<p>La fiscal\u00eda adelant\u00f3 que presentar\u00e1 pruebas t\u00e9cnicas, como peritajes bal\u00edsticos y el resultado del barrido electr\u00f3nico, que&nbsp;dio positivo en las manos del acusado.&nbsp;Adem\u00e1s, sumar\u00e1 testimonios directos, incluyendo a la madre y la hermana de la v\u00edctima, quienes hablar\u00e1n sobre&nbsp;c\u00f3mo era la relaci\u00f3n&nbsp;de pareja.<\/p>\n\n\n\n<p><strong>Un punto clave en el juicio ser\u00e1 la&nbsp;declaraci\u00f3n en C\u00e1mara Gesell del hijo&nbsp;mayor de la pareja, que ten\u00eda 4 a\u00f1os en ese momento.<\/strong><\/p>\n\n\n\n<p>Seg\u00fan consta en la causa,&nbsp;<strong>el nene habr\u00eda dicho:&nbsp;\u201cmi pap\u00e1 le dispar\u00f3 a mi mam\u00e1\u201d, acompa\u00f1ando sus palabras con gestos que reforzaban el relato.<\/strong><\/p>\n\n\n\n<p>Guzzo remarc\u00f3 que este testimonio, junto con la evidencia forense que indica que el disparo se realiz\u00f3 a una&nbsp;distancia de entre 20 y 60 cent\u00edmetros,&nbsp;descarta cualquier hip\u00f3tesis de accidente.<\/p>\n\n\n\n<h2 class=\"wp-block-heading\"><strong>La estrategia de la defensa: culpar al hijo de 4 a\u00f1os<\/strong><\/h2>\n\n\n\n<p>Por su parte, la defensa de Cuello encabezada por el abogado Leonardo Pablo Pasccon, sostiene una versi\u00f3n completamente opuesta. Afirma que&nbsp;el disparo fue realizado por el hijo de la pareja&nbsp;y que la fiscal\u00eda nunca contempl\u00f3 la posibilidad de un&nbsp;accidente dom\u00e9stico.<\/p>\n\n\n\n<p>\u201cFue una posibilidad desde el minuto cero de la investigaci\u00f3n. No hubo violencia de g\u00e9nero ni discusi\u00f3n previa. \u00c9l mismo la llev\u00f3 al hospital y&nbsp;jam\u00e1s intent\u00f3 ocultar&nbsp;lo que pas\u00f3.&nbsp;Los accidentes pasan\u201d, argument\u00f3 Pasccon, mientras Cuello lloraba en el estrado.<\/p>\n\n\n\n<p>Para reforzar su postura, la defensa subray\u00f3 que&nbsp;el imputado llam\u00f3 al 911&nbsp;y traslad\u00f3 a la v\u00edctima junto a la hermana de ella hasta el hospital. Adem\u00e1s, cuestion\u00f3 la existencia de un v\u00ednculo violento, asegurando que la pareja estaba en&nbsp;un buen momento y que planeaban casarse. \u201cEse hab\u00eda sido el d\u00eda m\u00e1s feliz de su vida\u201d, aleg\u00f3.<\/p>\n\n\n\n<h2 class=\"wp-block-heading\"><strong>C\u00f3mo sigue el juicio<\/strong><\/h2>\n\n\n\n<p>El juicio continuar\u00e1&nbsp;durante varios d\u00edas, con la declaraci\u00f3n&nbsp;de peritos de Cient\u00edfica, personal policial que trabaj\u00f3 en la escena, m\u00e9dicos forenses y vecinos del barrio La Gloria.<\/p>\n\n\n\n<p>Tambi\u00e9n se reproducir\u00e1n las grabaciones de los llamados al 911 y el&nbsp;contenido del tel\u00e9fono de Cuello,&nbsp;que para la fiscal\u00eda es fundamental para&nbsp;demostrar un contexto de control&nbsp;econ\u00f3mico y hostigamiento.<\/p>\n\n\n\n<p>Si los jurados encuentran culpable a Cuello, el juez Miguel deber\u00e1 dictar&nbsp;prisi\u00f3n perpetua.&nbsp;Si consideran que fue un accidente, el polic\u00eda&nbsp;quedar\u00e1 absuelto&nbsp;del delito de femicidio.<\/p>\n","protected":false},"excerpt":{"rendered":"<p>Empez\u00f3 el juicio por el crimen de Valeria Ram\u00edrez en Mendoza. La defensa de Franco [&hellip;]<\/p>\n","protected":false},"author":1,"featured_media":1019,"comment_status":"open","ping_status":"open","sticky":false,"template":"","format":"standard","meta":{"footnotes":""},"categories":[1],"tags":[],"_links":{"self":[{"href":"https:\/\/correntinoticias.com\/index.php\/wp-json\/wp\/v2\/posts\/1018"}],"collection":[{"href":"https:\/\/correntinoticias.com\/index.php\/wp-json\/wp\/v2\/posts"}],"about":[{"href":"https:\/\/correntinoticias.com\/index.php\/wp-json\/wp\/v2\/types\/post"}],"author":[{"embeddable":true,"href":"https:\/\/correntinoticias.com\/index.php\/wp-json\/wp\/v2\/users\/1"}],"replies":[{"embeddable":true,"href":"https:\/\/correntinoticias.com\/index.php\/wp-json\/wp\/v2\/comments?post=1018"}],"version-history":[{"count":1,"href":"https:\/\/correntinoticias.com\/index.php\/wp-json\/wp\/v2\/posts\/1018\/revisions"}],"predecessor-version":[{"id":1020,"href":"https:\/\/correntinoticias.com\/index.php\/wp-json\/wp\/v2\/posts\/1018\/revisions\/1020"}],"wp:featuredmedia":[{"embeddable":true,"href":"https:\/\/correntinoticias.com\/index.php\/wp-json\/wp\/v2\/media\/1019"}],"wp:attachment":[{"href":"https:\/\/correntinoticias.com\/index.php\/wp-json\/wp\/v2\/media?parent=1018"}],"wp:term":[{"taxonomy":"category","embeddable":true,"href":"https:\/\/correntinoticias.com\/index.php\/wp-json\/wp\/v2\/categories?post=1018"},{"taxonomy":"post_tag","embeddable":true,"href":"https:\/\/correntinoticias.com\/index.php\/wp-json\/wp\/v2\/tags?post=1018"}],"curies":[{"name":"wp","href":"https:\/\/api.w.org\/{rel}","templated":true}]}}