{"id":1011,"date":"2025-08-20T13:44:00","date_gmt":"2025-08-20T13:44:00","guid":{"rendered":"https:\/\/correntinoticias.com\/?p=1011"},"modified":"2025-08-20T13:44:00","modified_gmt":"2025-08-20T13:44:00","slug":"motociclista-fue-hospitalizado-tras-chocar-contra-un-automovil","status":"publish","type":"post","link":"https:\/\/correntinoticias.com\/index.php\/2025\/08\/20\/motociclista-fue-hospitalizado-tras-chocar-contra-un-automovil\/","title":{"rendered":"MOTOCICLISTA FUE HOSPITALIZADO TRAS CHOCAR CONTRA UN AUTOM\u00d3VIL"},"content":{"rendered":"\n<p>El accidente ocurri\u00f3 en la ma\u00f1ana de este mi\u00e9rcoles en el barrio San Ger\u00f3nimo de la ciudad de Corrientes. Debido al fuerte impacto el conductor de la moto cay\u00f3 al asfalt\u00f3 y tuvo que se hospitalizado.<\/p>\n\n\n\n<p><audio src=\"https:\/\/www.radiosudamericana.com\/notix\/multimedia\/audios\/2025-08-20\/894498.mp3\"><\/audio><\/p>\n\n\n\n<p>El cronista de Radio Sudamericana inform\u00f3 durante la ma\u00f1ana de este mi\u00e9rcoles, se produjo un accidente de tr\u00e1nsito en la esquina de avenida Laprida y calle Gallardo, en el barrio San Ger\u00f3nimo de esta Capital.<\/p>\n\n\n\n<p>El siniestro lo protagoniz\u00f3 una motocicleta y un autom\u00f3vil Volkswagen Gol, debido al fuerte impacto el conductor del rodado de menor porte fue asistido por personal del 107 y trasladado al Hospital Escuela.<\/p>\n","protected":false},"excerpt":{"rendered":"<p>El accidente ocurri\u00f3 en la ma\u00f1ana de este mi\u00e9rcoles en el barrio San Ger\u00f3nimo de [&hellip;]<\/p>\n","protected":false},"author":1,"featured_media":1012,"comment_status":"open","ping_status":"open","sticky":false,"template":"","format":"standard","meta":{"footnotes":""},"categories":[1],"tags":[],"_links":{"self":[{"href":"https:\/\/correntinoticias.com\/index.php\/wp-json\/wp\/v2\/posts\/1011"}],"collection":[{"href":"https:\/\/correntinoticias.com\/index.php\/wp-json\/wp\/v2\/posts"}],"about":[{"href":"https:\/\/correntinoticias.com\/index.php\/wp-json\/wp\/v2\/types\/post"}],"author":[{"embeddable":true,"href":"https:\/\/correntinoticias.com\/index.php\/wp-json\/wp\/v2\/users\/1"}],"replies":[{"embeddable":true,"href":"https:\/\/correntinoticias.com\/index.php\/wp-json\/wp\/v2\/comments?post=1011"}],"version-history":[{"count":1,"href":"https:\/\/correntinoticias.com\/index.php\/wp-json\/wp\/v2\/posts\/1011\/revisions"}],"predecessor-version":[{"id":1013,"href":"https:\/\/correntinoticias.com\/index.php\/wp-json\/wp\/v2\/posts\/1011\/revisions\/1013"}],"wp:featuredmedia":[{"embeddable":true,"href":"https:\/\/correntinoticias.com\/index.php\/wp-json\/wp\/v2\/media\/1012"}],"wp:attachment":[{"href":"https:\/\/correntinoticias.com\/index.php\/wp-json\/wp\/v2\/media?parent=1011"}],"wp:term":[{"taxonomy":"category","embeddable":true,"href":"https:\/\/correntinoticias.com\/index.php\/wp-json\/wp\/v2\/categories?post=1011"},{"taxonomy":"post_tag","embeddable":true,"href":"https:\/\/correntinoticias.com\/index.php\/wp-json\/wp\/v2\/tags?post=1011"}],"curies":[{"name":"wp","href":"https:\/\/api.w.org\/{rel}","templated":true}]}}