{"id":1004,"date":"2025-08-20T13:41:08","date_gmt":"2025-08-20T13:41:08","guid":{"rendered":"https:\/\/correntinoticias.com\/?p=1004"},"modified":"2025-08-20T13:41:09","modified_gmt":"2025-08-20T13:41:09","slug":"rescataron-a-tres-ninas-en-posadas-que-habian-sido-abandonadas","status":"publish","type":"post","link":"https:\/\/correntinoticias.com\/index.php\/2025\/08\/20\/rescataron-a-tres-ninas-en-posadas-que-habian-sido-abandonadas\/","title":{"rendered":"RESCATARON A TRES NI\u00d1AS EN POSADAS QUE HAB\u00cdAN SIDO ABANDONADAS"},"content":{"rendered":"\n<p>Las menores de 11 meses, 2 y 3 a\u00f1os fueron puestas a salvo por la Polic\u00eda de Misiones luego de ser halladas en estado de abandono en una vivienda.<\/p>\n\n\n\n<p>Tres ni\u00f1as de 11 meses, 2 y 3 a\u00f1os&nbsp;fueron&nbsp;rescatadas&nbsp;en la ciudad de Posadas tras haber sido encontradas en&nbsp;estado de abandono&nbsp;en una vivienda y&nbsp;su padre fue detenido.<\/p>\n\n\n\n<p>El operativo de rescate ocurri\u00f3 el domingo por la tarde cuando efectivos de la Comisar\u00eda 18\u00aa acudieron a un domicilio de la calle Gorriti alertados por&nbsp;reiterados llamados al 911&nbsp;porque, seg\u00fan explicaron los vecinos,&nbsp;las ni\u00f1as estaban solas desde hac\u00eda varios d\u00edas.<\/p>\n\n\n\n<p>Ante la situaci\u00f3n, los agentes acudieron hasta el lugar donde encontraron a dos de ellas, una de 3 a\u00f1os y una beba de 11 meses, en\u00a0evidente estado de descuido,\u00a0mientras que, minutos despu\u00e9s, la tercera hermana fue llevada por allegados de los progenitores hasta la dependencia.<\/p>\n\n\n\n<p>Las autoridades policiales de la provincia informaron que las tres v\u00edctimas fueron trasladadas a la&nbsp;Comisar\u00eda de la Mujer F\u00e1tima, donde recibieron asistencia integral. All\u00ed, las oficiales, bajo estrictos protocolos, las&nbsp;higienizaron, les proporcionaron&nbsp;prendas,&nbsp;leche maternizada, pa\u00f1ales y otros elementos de primera necesidad.<\/p>\n\n\n\n<p>De forma paralela, se dio intervenci\u00f3n al&nbsp;Juzgado de Instrucci\u00f3n N\u00b06, la&nbsp;Defensor\u00eda de Menores N\u00ba6&nbsp;y la&nbsp;Subsecretar\u00eda de Infancia de la Municipalidad de Posadas.<\/p>\n\n\n\n<p>En la madrugada del lunes 18 de agosto, los investigadores&nbsp;localizaron al abuelo de las ni\u00f1as, residente en el barrio San Jorge, quien expres\u00f3 su&nbsp;voluntad de hacerse cargo de ellas.<\/p>\n\n\n\n<p>Fue as\u00ed como, con la autorizaci\u00f3n del Juzgado y de la Secretar\u00eda de Infancia,&nbsp;se formaliz\u00f3 la entrega provisoria bajo su cuidado, con el seguimiento de un equipo interdisciplinario.<\/p>\n\n\n\n<p>En las \u00faltimas horas,&nbsp;se logr\u00f3 hallar al padre de las ni\u00f1as y fue detenido, quedando a disposici\u00f3n de la Justicia provincial. Respecto a la madre, contin\u00faan las tareas para dar con su ubicaci\u00f3n.<\/p>\n","protected":false},"excerpt":{"rendered":"<p>Las menores de 11 meses, 2 y 3 a\u00f1os fueron puestas a salvo por la [&hellip;]<\/p>\n","protected":false},"author":1,"featured_media":1005,"comment_status":"open","ping_status":"open","sticky":false,"template":"","format":"standard","meta":{"footnotes":""},"categories":[1],"tags":[],"_links":{"self":[{"href":"https:\/\/correntinoticias.com\/index.php\/wp-json\/wp\/v2\/posts\/1004"}],"collection":[{"href":"https:\/\/correntinoticias.com\/index.php\/wp-json\/wp\/v2\/posts"}],"about":[{"href":"https:\/\/correntinoticias.com\/index.php\/wp-json\/wp\/v2\/types\/post"}],"author":[{"embeddable":true,"href":"https:\/\/correntinoticias.com\/index.php\/wp-json\/wp\/v2\/users\/1"}],"replies":[{"embeddable":true,"href":"https:\/\/correntinoticias.com\/index.php\/wp-json\/wp\/v2\/comments?post=1004"}],"version-history":[{"count":1,"href":"https:\/\/correntinoticias.com\/index.php\/wp-json\/wp\/v2\/posts\/1004\/revisions"}],"predecessor-version":[{"id":1006,"href":"https:\/\/correntinoticias.com\/index.php\/wp-json\/wp\/v2\/posts\/1004\/revisions\/1006"}],"wp:featuredmedia":[{"embeddable":true,"href":"https:\/\/correntinoticias.com\/index.php\/wp-json\/wp\/v2\/media\/1005"}],"wp:attachment":[{"href":"https:\/\/correntinoticias.com\/index.php\/wp-json\/wp\/v2\/media?parent=1004"}],"wp:term":[{"taxonomy":"category","embeddable":true,"href":"https:\/\/correntinoticias.com\/index.php\/wp-json\/wp\/v2\/categories?post=1004"},{"taxonomy":"post_tag","embeddable":true,"href":"https:\/\/correntinoticias.com\/index.php\/wp-json\/wp\/v2\/tags?post=1004"}],"curies":[{"name":"wp","href":"https:\/\/api.w.org\/{rel}","templated":true}]}}